{"id":6777,"date":"2021-08-23T10:28:19","date_gmt":"2021-08-23T16:28:19","guid":{"rendered":"https:\/\/supportedemployment.ca\/?p=6777"},"modified":"2023-09-06T23:27:54","modified_gmt":"2023-09-06T23:27:54","slug":"mentorability-experience-jonathan","status":"publish","type":"post","link":"https:\/\/www.supportedemployment.ca\/fr\/mentorability-experience-jonathan\/","title":{"rendered":"Exp\u00e9rience MentorAbility : Jonathan"},"content":{"rendered":"<div data-elementor-type=\"wp-post\" data-elementor-id=\"6777\" class=\"elementor elementor-6777\" data-elementor-post-type=\"post\">\n\t\t\t\t\t\t<section class=\"elementor-section elementor-top-section elementor-element elementor-element-faa46ef elementor-section-full_width elementor-section-height-min-height elementor-section-items-bottom elementor-section-height-default\" data-id=\"faa46ef\" data-element_type=\"section\" data-e-type=\"section\" data-settings=\"{&quot;background_background&quot;:&quot;classic&quot;}\">\n\t\t\t\t\t\t\t<div class=\"elementor-background-overlay\"><\/div>\n\t\t\t\t\t\t\t<div class=\"elementor-container elementor-column-gap-default\">\n\t\t\t\t\t<div class=\"elementor-column elementor-col-100 elementor-top-column elementor-element elementor-element-7423bad6\" data-id=\"7423bad6\" data-element_type=\"column\" data-e-type=\"column\" data-settings=\"{&quot;background_background&quot;:&quot;classic&quot;}\">\n\t\t\t<div class=\"elementor-widget-wrap elementor-element-populated\">\n\t\t\t\t\t\t<div class=\"elementor-element elementor-element-390983a8 elementor-widget elementor-widget-heading\" data-id=\"390983a8\" data-element_type=\"widget\" data-e-type=\"widget\" data-widget_type=\"heading.default\">\n\t\t\t\t<div class=\"elementor-widget-container\">\n\t\t\t\t\t<h1 class=\"elementor-heading-title elementor-size-default\">T\u00e9moignages d&#039;exp\u00e9riences de mentorat<\/h1>\t\t\t\t<\/div>\n\t\t\t\t<\/div>\n\t\t\t\t\t<\/div>\n\t\t<\/div>\n\t\t\t\t\t<\/div>\n\t\t<\/section>\n\t\t\t\t<section class=\"elementor-section elementor-top-section elementor-element elementor-element-bec1c69 elementor-section-full_width elementor-section-height-default elementor-section-height-default\" data-id=\"bec1c69\" data-element_type=\"section\" data-e-type=\"section\" data-settings=\"{&quot;background_background&quot;:&quot;classic&quot;}\">\n\t\t\t\t\t\t<div class=\"elementor-container elementor-column-gap-default\">\n\t\t\t\t\t<div class=\"elementor-column elementor-col-100 elementor-top-column elementor-element elementor-element-414b76da\" data-id=\"414b76da\" data-element_type=\"column\" data-e-type=\"column\">\n\t\t\t<div class=\"elementor-widget-wrap elementor-element-populated\">\n\t\t\t\t\t\t<div class=\"elementor-element elementor-element-2f51556b elementor-widget elementor-widget-shortcode\" data-id=\"2f51556b\" data-element_type=\"widget\" data-e-type=\"widget\" data-widget_type=\"shortcode.default\">\n\t\t\t\t<div class=\"elementor-widget-container\">\n\t\t\t\t\t\t\t<div class=\"elementor-shortcode\"><nav aria-label=\"chapelure\" class=\"rank-math-breadcrumb\"><p><span class=\"last\">Accueil<\/span><\/p><\/nav><\/div>\n\t\t\t\t\t\t<\/div>\n\t\t\t\t<\/div>\n\t\t\t\t\t<\/div>\n\t\t<\/div>\n\t\t\t\t\t<\/div>\n\t\t<\/section>\n\t\t\t\t<section class=\"elementor-section elementor-top-section elementor-element elementor-element-75cf31f3 elementor-section-full_width elementor-section-height-default elementor-section-height-default\" data-id=\"75cf31f3\" data-element_type=\"section\" data-e-type=\"section\">\n\t\t\t\t\t\t<div class=\"elementor-container elementor-column-gap-default\">\n\t\t\t\t\t<div class=\"elementor-column elementor-col-100 elementor-top-column elementor-element elementor-element-35bfb8b9\" data-id=\"35bfb8b9\" data-element_type=\"column\" data-e-type=\"column\">\n\t\t\t<div class=\"elementor-widget-wrap elementor-element-populated\">\n\t\t\t\t\t\t<div class=\"elementor-element elementor-element-70aa8baa elementor-widget elementor-widget-image\" data-id=\"70aa8baa\" data-element_type=\"widget\" data-e-type=\"widget\" data-widget_type=\"image.default\">\n\t\t\t\t<div class=\"elementor-widget-container\">\n\t\t\t\t\t\t\t\t\t\t\t\t\t\t\t<img fetchpriority=\"high\" decoding=\"async\" width=\"800\" height=\"419\" src=\"https:\/\/www.supportedemployment.ca\/wp-content\/uploads\/2021\/08\/MAExperience_WebsiteHeader_EN_Jonathan-1024x536.jpg\" class=\"attachment-large size-large wp-image-20001\" alt=\"\" srcset=\"https:\/\/www.supportedemployment.ca\/wp-content\/uploads\/2021\/08\/MAExperience_WebsiteHeader_EN_Jonathan-1024x536.jpg 1024w, https:\/\/www.supportedemployment.ca\/wp-content\/uploads\/2021\/08\/MAExperience_WebsiteHeader_EN_Jonathan-300x157.jpg 300w, https:\/\/www.supportedemployment.ca\/wp-content\/uploads\/2021\/08\/MAExperience_WebsiteHeader_EN_Jonathan-768x402.jpg 768w, https:\/\/www.supportedemployment.ca\/wp-content\/uploads\/2021\/08\/MAExperience_WebsiteHeader_EN_Jonathan-600x314.jpg 600w, https:\/\/www.supportedemployment.ca\/wp-content\/uploads\/2021\/08\/MAExperience_WebsiteHeader_EN_Jonathan.jpg 1201w\" sizes=\"(max-width: 800px) 100vw, 800px\" \/>\t\t\t\t\t\t\t\t\t\t\t\t\t\t\t<\/div>\n\t\t\t\t<\/div>\n\t\t\t\t<div class=\"elementor-element elementor-element-5e5c1aca elementor-widget elementor-widget-heading\" data-id=\"5e5c1aca\" data-element_type=\"widget\" data-e-type=\"widget\" data-widget_type=\"heading.default\">\n\t\t\t\t<div class=\"elementor-widget-container\">\n\t\t\t\t\t<h2 class=\"elementor-heading-title elementor-size-default\">T\u00e9moignages d&#039;exp\u00e9riences de mentorat\u00a0: Jonathan<\/h2>\t\t\t\t<\/div>\n\t\t\t\t<\/div>\n\t\t\t\t\t<\/div>\n\t\t<\/div>\n\t\t\t\t\t<\/div>\n\t\t<\/section>\n\t\t\t\t<section class=\"elementor-section elementor-top-section elementor-element elementor-element-733db6d5 elementor-section-full_width elementor-section-height-default elementor-section-height-default\" data-id=\"733db6d5\" data-element_type=\"section\" data-e-type=\"section\">\n\t\t\t\t\t\t<div class=\"elementor-container elementor-column-gap-default\">\n\t\t\t\t\t<div class=\"elementor-column elementor-col-33 elementor-top-column elementor-element elementor-element-753819d\" data-id=\"753819d\" data-element_type=\"column\" data-e-type=\"column\">\n\t\t\t<div class=\"elementor-widget-wrap elementor-element-populated\">\n\t\t\t\t\t\t<div class=\"elementor-element elementor-element-51ffc4ba elementor-blockquote--skin-quotation elementor-widget elementor-widget-blockquote\" data-id=\"51ffc4ba\" data-element_type=\"widget\" data-e-type=\"widget\" data-widget_type=\"blockquote.default\">\n\t\t\t\t<div class=\"elementor-widget-container\">\n\t\t\t\t\t\t\t<blockquote class=\"elementor-blockquote\">\n\t\t\t<p class=\"elementor-blockquote__content\">\n\t\t\t\tLes exp\u00e9riences de mentorat \u00e0 court terme offrent des opportunit\u00e9s d&#039;apprentissage tant pour le mentor-e que pour la personne mentor\u00e9e.\t\t\t<\/p>\n\t\t\t\t\t\t\t<div class=\"e-q-footer\">\n\t\t\t\t\t\t\t\t\t\t\t<cite class=\"elementor-blockquote__author\">MentorHabilet\u00e9s Ontario<\/cite>\n\t\t\t\t\t\t\t\t\t\t\t\t\t\t<\/div>\n\t\t\t\t\t<\/blockquote>\n\t\t\t\t\t\t<\/div>\n\t\t\t\t<\/div>\n\t\t\t\t<div class=\"elementor-element elementor-element-3b9e2211 elementor-widget elementor-widget-image\" data-id=\"3b9e2211\" data-element_type=\"widget\" data-e-type=\"widget\" data-widget_type=\"image.default\">\n\t\t\t\t<div class=\"elementor-widget-container\">\n\t\t\t\t\t\t\t\t\t\t\t\t\t\t\t<img decoding=\"async\" width=\"800\" height=\"800\" src=\"https:\/\/www.supportedemployment.ca\/wp-content\/uploads\/2022\/06\/MentorAbility-Ontario-logo-1-1024x1024.png\" class=\"attachment-large size-large wp-image-19870\" alt=\"MentorAbility Ontario Logo\" srcset=\"https:\/\/www.supportedemployment.ca\/wp-content\/uploads\/2022\/06\/MentorAbility-Ontario-logo-1-1024x1024.png 1024w, https:\/\/www.supportedemployment.ca\/wp-content\/uploads\/2022\/06\/MentorAbility-Ontario-logo-1-300x300.png 300w, https:\/\/www.supportedemployment.ca\/wp-content\/uploads\/2022\/06\/MentorAbility-Ontario-logo-1-150x150.png 150w, https:\/\/www.supportedemployment.ca\/wp-content\/uploads\/2022\/06\/MentorAbility-Ontario-logo-1-768x769.png 768w, https:\/\/www.supportedemployment.ca\/wp-content\/uploads\/2022\/06\/MentorAbility-Ontario-logo-1-1536x1536.png 1536w, https:\/\/www.supportedemployment.ca\/wp-content\/uploads\/2022\/06\/MentorAbility-Ontario-logo-1-2046x2048.png 2046w, https:\/\/www.supportedemployment.ca\/wp-content\/uploads\/2022\/06\/MentorAbility-Ontario-logo-1-600x600.png 600w, https:\/\/www.supportedemployment.ca\/wp-content\/uploads\/2022\/06\/MentorAbility-Ontario-logo-1-100x100.png 100w\" sizes=\"(max-width: 800px) 100vw, 800px\" \/>\t\t\t\t\t\t\t\t\t\t\t\t\t\t\t<\/div>\n\t\t\t\t<\/div>\n\t\t\t\t\t<\/div>\n\t\t<\/div>\n\t\t\t\t<div class=\"elementor-column elementor-col-66 elementor-top-column elementor-element elementor-element-2e3392a2\" data-id=\"2e3392a2\" data-element_type=\"column\" data-e-type=\"column\">\n\t\t\t<div class=\"elementor-widget-wrap elementor-element-populated\">\n\t\t\t\t\t\t<div class=\"elementor-element elementor-element-2d039f elementor-widget elementor-widget-text-editor\" data-id=\"2d039f\" data-element_type=\"widget\" data-e-type=\"widget\" data-widget_type=\"text-editor.default\">\n\t\t\t\t<div class=\"elementor-widget-container\">\n\t\t\t\t\t\t\t\t\t<p><strong>Avoir h\u00e2te de<\/strong><\/p><p>MentorHabilet\u00e9s s&#039;est r\u00e9v\u00e9l\u00e9 un outil pr\u00e9cieux pour l&#039;exploration de carri\u00e8re de Jonathan. Son exp\u00e9rience avec Sarah et Louis chez D2L (Desire2Learn) l&#039;a aid\u00e9 \u00e0 mieux cibler ses perspectives d&#039;avenir. Elle lui a \u00e9galement permis de comprendre plus finement comment ses efforts actuels peuvent le pr\u00e9parer aux r\u00e9alit\u00e9s de son futur r\u00f4le professionnel \u00e0 long terme. Et il n&#039;\u00e9tait pas le seul \u00e0 en b\u00e9n\u00e9ficier\u00a0: les mentors de Jonathan chez D2L sont repartis avec une confiance accrue dans leurs propres fonctions. Voici ce qui s&#039;est pass\u00e9\u00a0:<\/p><p><strong>Contexte<\/strong><\/p><p>Jonathan ne rate jamais une occasion de nouer des contacts, d&#039;apprendre et d&#039;explorer diff\u00e9rentes pistes professionnelles pour son avenir. Apr\u00e8s avoir entam\u00e9 ses \u00e9tudes de commerce, il a entendu parler du programme MentorHabilet\u00e9s , un outil d&#039;exploration de carri\u00e8re. Ses \u00e9tudes universitaires \u00e9tant d\u00e9j\u00e0 bien avanc\u00e9es, Jonathan se doutait d&#039;un int\u00e9r\u00eat pour les m\u00e9tiers de la vente. Il s&#039;est inscrit \u00e0 MentorHabilet\u00e9s pour d\u00e9couvrir concr\u00e8tement le quotidien de ces professionnels et voir s&#039;il pouvait s&#039;y projeter sur le long terme.<\/p><p><strong>Le match<\/strong><\/p><p>Une entreprise locale \u00e9tait dispos\u00e9e \u00e0 offrir cette exp\u00e9rience. Les partenaires de MentorHabilet\u00e9s chez March of Dimes Canada ont contact\u00e9 Desire2Learn (D2L) et ont re\u00e7u un accueil chaleureux. D2L est une entreprise de logiciels internationale bas\u00e9e \u00e0 Kitchener, en Ontario, sp\u00e9cialis\u00e9e dans les technologies \u00e9ducatives. D2L s&#039;engage \u00e0 transformer l&#039;apprentissage \u00e0 l&#039;\u00e9chelle mondiale et croit fermement que l&#039;apprentissage doit \u00eatre accessible et stimulant. D2L a identifi\u00e9 deux repr\u00e9sentants en d\u00e9veloppement des affaires, Sarah et Louis, qui ont tous deux vu dans l&#039;accueil d&#039;un prot\u00e9g\u00e9 de MentorHabilet\u00e9s une excellente occasion de contribuer \u00e0 D2L et de partager leur exp\u00e9rience professionnelle.<\/p><p><strong>Le jour de<\/strong><\/p><p>Avant sa visite chez D2L, Jonathan avait d\u00e9j\u00e0 acquis de bonnes connaissances en vente gr\u00e2ce \u00e0 ses cours \u00e0 l&#039;universit\u00e9, mais il reconnaissait qu&#039;il ignorait de nombreux aspects de ce m\u00e9tier \u2013 des choses qu&#039;il ne pouvait pas simplement trouver en ligne ou apprendre en cours. Jonathan savait que pour savoir si une carri\u00e8re dans la vente \u00e9tait faite pour lui, il devait se faire une id\u00e9e concr\u00e8te du m\u00e9tier. Et id\u00e9alement, il souhaitait le d\u00e9couvrir avant d&#039;investir davantage de temps et d&#039;\u00e9nergie dans sa pr\u00e9paration. Le matin de sa journ\u00e9e avec Sarah et Louis, Jonathan \u00e9tait venu avec une question principale\u00a0: \u00e0 quoi ressemble une journ\u00e9e type d&#039;un sp\u00e9cialiste du d\u00e9veloppement commercial chez D2L\u00a0?<\/p><p>Jonathan a pass\u00e9 du temps avec chaque repr\u00e9sentant en d\u00e9veloppement commercial, observant et discutant de leurs t\u00e2ches, outils et processus quotidiens. Outre les aspects pratiques de leur travail, Sarah et Louis ont partag\u00e9 leur parcours professionnel et leurs r\u00e9flexions sur leur m\u00e9tier. Mettant en valeur leurs forces et int\u00e9r\u00eats respectifs, Sarah et Louis ont offert \u00e0 Jonathan une journ\u00e9e d&#039;\u00e9changes enrichissants, \u00e0 la fois pratiques et personnels. Jonathan a discut\u00e9 avec Sarah de ses t\u00e2ches quotidiennes, ainsi que des outils et processus qu&#039;elle utilise. Sarah a partag\u00e9 avec Jonathan ses r\u00e9flexions sur son parcours professionnel jusqu&#039;\u00e0 son arriv\u00e9e chez D2L. Plus tard, Jonathan a discut\u00e9 des philosophies de vente avec Louis et l&#039;a rejoint pour une r\u00e9union avec des membres du service marketing de D2L. Cela lui a permis de constater l&#039;\u00e9troite collaboration entre les deux services et l&#039;importance du travail d&#039;\u00e9quipe pour le r\u00f4le de repr\u00e9sentant en d\u00e9veloppement commercial, m\u00eame si une grande partie du travail est effectu\u00e9e de mani\u00e8re autonome.<\/p><p><strong>Retour sur le pass\u00e9<\/strong><\/p><p>En repensant \u00e0 cette journ\u00e9e, ce qui a le plus marqu\u00e9 Jonathan, c&#039;est l&#039;authenticit\u00e9 et la sinc\u00e9rit\u00e9 de Sarah et Louis durant leur \u00e9change. Chacun a \u00e9galement tir\u00e9 des enseignements pr\u00e9cieux de cette journ\u00e9e. Gr\u00e2ce \u00e0 cette r\u00e9flexion, Sarah a pu constater son \u00e9volution professionnelle chez D2L, tandis que la possibilit\u00e9 d&#039;\u00e9changer avec Jonathan sur diff\u00e9rentes approches commerciales a permis \u00e0 Louis d&#039;enrichir sa vision de son travail. Le fait de partager avec Jonathan les sp\u00e9cificit\u00e9s de leurs r\u00f4les respectifs a renforc\u00e9 la confiance de chaque mentor-e dans l&#039;exercice de ses fonctions. Quant \u00e0 Jonathan, l&#039;observation des t\u00e2ches et des processus, ainsi que les r\u00e9flexions personnelles de Sarah et Louis sur leurs apprentissages, lui ont apport\u00e9 ce dont il avait besoin\u00a0: un aper\u00e7u du quotidien d&#039;un repr\u00e9sentant en d\u00e9veloppement commercial chez D2L.<\/p>\t\t\t\t\t\t\t\t<\/div>\n\t\t\t\t<\/div>\n\t\t\t\t\t<\/div>\n\t\t<\/div>\n\t\t\t\t\t<\/div>\n\t\t<\/section>\n\t\t\t\t<section class=\"elementor-section elementor-top-section elementor-element elementor-element-3d609378 elementor-section-full_width elementor-section-height-default elementor-section-height-default\" data-id=\"3d609378\" data-element_type=\"section\" data-e-type=\"section\">\n\t\t\t\t\t\t<div class=\"elementor-container elementor-column-gap-default\">\n\t\t\t\t\t<div class=\"elementor-column elementor-col-50 elementor-top-column elementor-element elementor-element-ff8ca74\" data-id=\"ff8ca74\" data-element_type=\"column\" data-e-type=\"column\">\n\t\t\t<div class=\"elementor-widget-wrap elementor-element-populated\">\n\t\t\t\t\t\t<div class=\"elementor-element elementor-element-3afbd931 elementor-widget elementor-widget-text-editor\" data-id=\"3afbd931\" data-element_type=\"widget\" data-e-type=\"widget\" data-widget_type=\"text-editor.default\">\n\t\t\t\t<div class=\"elementor-widget-container\">\n\t\t\t\t\t\t\t\t\t<p><img decoding=\"async\" class=\"alignnone size-full wp-image-7141\" src=\"https:\/\/supportedemployment.ca\/wp-content\/uploads\/2021\/12\/MentorAbility-success-story-Jonathan-part-1-of-2.jpg\" alt=\"MentorAbility success story - Jonathan (part 1 of 2)\" width=\"1024\" height=\"1024\" srcset=\"https:\/\/www.supportedemployment.ca\/wp-content\/uploads\/2021\/12\/MentorAbility-success-story-Jonathan-part-1-of-2.jpg 1024w, https:\/\/www.supportedemployment.ca\/wp-content\/uploads\/2021\/12\/MentorAbility-success-story-Jonathan-part-1-of-2-300x300.jpg 300w, https:\/\/www.supportedemployment.ca\/wp-content\/uploads\/2021\/12\/MentorAbility-success-story-Jonathan-part-1-of-2-150x150.jpg 150w, https:\/\/www.supportedemployment.ca\/wp-content\/uploads\/2021\/12\/MentorAbility-success-story-Jonathan-part-1-of-2-768x768.jpg 768w, https:\/\/www.supportedemployment.ca\/wp-content\/uploads\/2021\/12\/MentorAbility-success-story-Jonathan-part-1-of-2-600x600.jpg 600w, https:\/\/www.supportedemployment.ca\/wp-content\/uploads\/2021\/12\/MentorAbility-success-story-Jonathan-part-1-of-2-100x100.jpg 100w\" sizes=\"(max-width: 1024px) 100vw, 1024px\" \/><\/p>\t\t\t\t\t\t\t\t<\/div>\n\t\t\t\t<\/div>\n\t\t\t\t\t<\/div>\n\t\t<\/div>\n\t\t\t\t<div class=\"elementor-column elementor-col-50 elementor-top-column elementor-element elementor-element-8befc07\" data-id=\"8befc07\" data-element_type=\"column\" data-e-type=\"column\">\n\t\t\t<div class=\"elementor-widget-wrap elementor-element-populated\">\n\t\t\t\t\t\t<div class=\"elementor-element elementor-element-d96854f elementor-widget elementor-widget-text-editor\" data-id=\"d96854f\" data-element_type=\"widget\" data-e-type=\"widget\" data-widget_type=\"text-editor.default\">\n\t\t\t\t<div class=\"elementor-widget-container\">\n\t\t\t\t\t\t\t\t\t<p><img loading=\"lazy\" decoding=\"async\" class=\"alignnone size-full wp-image-7142\" src=\"https:\/\/supportedemployment.ca\/wp-content\/uploads\/2021\/12\/MentorAbility-success-story-Jonathan-part-2-of-2.jpg\" alt=\"MentorAbility success story - Jonathan (part 2 of 2)\" width=\"1024\" height=\"1024\" srcset=\"https:\/\/www.supportedemployment.ca\/wp-content\/uploads\/2021\/12\/MentorAbility-success-story-Jonathan-part-2-of-2.jpg 1024w, https:\/\/www.supportedemployment.ca\/wp-content\/uploads\/2021\/12\/MentorAbility-success-story-Jonathan-part-2-of-2-300x300.jpg 300w, https:\/\/www.supportedemployment.ca\/wp-content\/uploads\/2021\/12\/MentorAbility-success-story-Jonathan-part-2-of-2-150x150.jpg 150w, https:\/\/www.supportedemployment.ca\/wp-content\/uploads\/2021\/12\/MentorAbility-success-story-Jonathan-part-2-of-2-768x768.jpg 768w, https:\/\/www.supportedemployment.ca\/wp-content\/uploads\/2021\/12\/MentorAbility-success-story-Jonathan-part-2-of-2-600x600.jpg 600w, https:\/\/www.supportedemployment.ca\/wp-content\/uploads\/2021\/12\/MentorAbility-success-story-Jonathan-part-2-of-2-100x100.jpg 100w\" sizes=\"(max-width: 1024px) 100vw, 1024px\" \/><\/p>\t\t\t\t\t\t\t\t<\/div>\n\t\t\t\t<\/div>\n\t\t\t\t\t<\/div>\n\t\t<\/div>\n\t\t\t\t\t<\/div>\n\t\t<\/section>\n\t\t\t\t<section class=\"elementor-section elementor-top-section elementor-element elementor-element-4702fde1 elementor-section-full_width elementor-section-height-default elementor-section-height-default\" data-id=\"4702fde1\" data-element_type=\"section\" data-e-type=\"section\">\n\t\t\t\t\t\t<div class=\"elementor-container elementor-column-gap-default\">\n\t\t\t\t\t<div class=\"elementor-column elementor-col-100 elementor-top-column elementor-element elementor-element-1901071e\" data-id=\"1901071e\" data-element_type=\"column\" data-e-type=\"column\">\n\t\t\t<div class=\"elementor-widget-wrap elementor-element-populated\">\n\t\t\t\t\t\t<div class=\"elementor-element elementor-element-45b27d67 elementor-widget-divider--view-line elementor-widget elementor-widget-divider\" data-id=\"45b27d67\" data-element_type=\"widget\" data-e-type=\"widget\" data-widget_type=\"divider.default\">\n\t\t\t\t<div class=\"elementor-widget-container\">\n\t\t\t\t\t\t\t<div class=\"elementor-divider\">\n\t\t\t<span class=\"elementor-divider-separator\">\n\t\t\t\t\t\t<\/span>\n\t\t<\/div>\n\t\t\t\t\t\t<\/div>\n\t\t\t\t<\/div>\n\t\t\t\t<div class=\"elementor-element elementor-element-48da35cf elementor-widget elementor-widget-heading\" data-id=\"48da35cf\" data-element_type=\"widget\" data-e-type=\"widget\" data-widget_type=\"heading.default\">\n\t\t\t\t<div class=\"elementor-widget-container\">\n\t\t\t\t\t<h2 class=\"elementor-heading-title elementor-size-default\">Partager cette r\u00e9ussite<\/h2>\t\t\t\t<\/div>\n\t\t\t\t<\/div>\n\t\t\t\t<div class=\"elementor-element elementor-element-10ec93a7 elementor-share-buttons--view-icon elementor-share-buttons--skin-minimal elementor-share-buttons--shape-circle elementor-share-buttons--color-custom elementor-grid-0 elementor-widget elementor-widget-share-buttons\" data-id=\"10ec93a7\" data-element_type=\"widget\" data-e-type=\"widget\" data-widget_type=\"share-buttons.default\">\n\t\t\t\t<div class=\"elementor-widget-container\">\n\t\t\t\t\t\t\t<div class=\"elementor-grid\" role=\"list\">\n\t\t\t\t\t\t\t\t<div class=\"elementor-grid-item\" role=\"listitem\">\n\t\t\t\t\t\t<div class=\"elementor-share-btn elementor-share-btn_facebook\" role=\"button\" tabindex=\"0\" aria-label=\"Partager sur Facebook\">\n\t\t\t\t\t\t\t\t\t\t\t\t\t\t\t<span class=\"elementor-share-btn__icon\">\n\t\t\t\t\t\t\t\t<i class=\"fab fa-facebook\" aria-hidden=\"true\"><\/i>\t\t\t\t\t\t\t<\/span>\n\t\t\t\t\t\t\t\t\t\t\t\t\t\t\t\t\t\t\t\t<\/div>\n\t\t\t\t\t<\/div>\n\t\t\t\t\t\t\t\t\t<div class=\"elementor-grid-item\" role=\"listitem\">\n\t\t\t\t\t\t<div class=\"elementor-share-btn elementor-share-btn_twitter\" role=\"button\" tabindex=\"0\" aria-label=\"Partager sur Twitter\">\n\t\t\t\t\t\t\t\t\t\t\t\t\t\t\t<span class=\"elementor-share-btn__icon\">\n\t\t\t\t\t\t\t\t<i class=\"fab fa-twitter\" aria-hidden=\"true\"><\/i>\t\t\t\t\t\t\t<\/span>\n\t\t\t\t\t\t\t\t\t\t\t\t\t\t\t\t\t\t\t\t<\/div>\n\t\t\t\t\t<\/div>\n\t\t\t\t\t\t\t\t\t<div class=\"elementor-grid-item\" role=\"listitem\">\n\t\t\t\t\t\t<div class=\"elementor-share-btn elementor-share-btn_linkedin\" role=\"button\" tabindex=\"0\" aria-label=\"Partager sur LinkedIn\">\n\t\t\t\t\t\t\t\t\t\t\t\t\t\t\t<span class=\"elementor-share-btn__icon\">\n\t\t\t\t\t\t\t\t<i class=\"fab fa-linkedin\" aria-hidden=\"true\"><\/i>\t\t\t\t\t\t\t<\/span>\n\t\t\t\t\t\t\t\t\t\t\t\t\t\t\t\t\t\t\t\t<\/div>\n\t\t\t\t\t<\/div>\n\t\t\t\t\t\t\t\t\t<div class=\"elementor-grid-item\" role=\"listitem\">\n\t\t\t\t\t\t<div class=\"elementor-share-btn elementor-share-btn_email\" role=\"button\" tabindex=\"0\" aria-label=\"Partager par e-mail\">\n\t\t\t\t\t\t\t\t\t\t\t\t\t\t\t<span class=\"elementor-share-btn__icon\">\n\t\t\t\t\t\t\t\t<i class=\"fas fa-envelope\" aria-hidden=\"true\"><\/i>\t\t\t\t\t\t\t<\/span>\n\t\t\t\t\t\t\t\t\t\t\t\t\t\t\t\t\t\t\t\t<\/div>\n\t\t\t\t\t<\/div>\n\t\t\t\t\t\t<\/div>\n\t\t\t\t\t\t<\/div>\n\t\t\t\t<\/div>\n\t\t\t\t<div class=\"elementor-element elementor-element-7cb46b48 elementor-widget-divider--view-line elementor-widget elementor-widget-divider\" data-id=\"7cb46b48\" data-element_type=\"widget\" data-e-type=\"widget\" data-widget_type=\"divider.default\">\n\t\t\t\t<div class=\"elementor-widget-container\">\n\t\t\t\t\t\t\t<div class=\"elementor-divider\">\n\t\t\t<span class=\"elementor-divider-separator\">\n\t\t\t\t\t\t<\/span>\n\t\t<\/div>\n\t\t\t\t\t\t<\/div>\n\t\t\t\t<\/div>\n\t\t\t\t\t<\/div>\n\t\t<\/div>\n\t\t\t\t\t<\/div>\n\t\t<\/section>\n\t\t\t\t<\/div>","protected":false},"excerpt":{"rendered":"<p>En tant qu'outil d'exploration de carri\u00e8re, MentorAbility a atteint sa cible pour Jonathan. Son exp\u00e9rience avec Sarah et Louis chez D2L (Desire2Learn) l'a aid\u00e9 \u00e0 affiner ses perspectives d'avenir. Il a \u00e9galement acquis une meilleure compr\u00e9hension de la mani\u00e8re dont ses efforts actuels peuvent le pr\u00e9parer aux r\u00e9alit\u00e9s de son futur r\u00f4le \u00e0 long terme sur le march\u00e9 du travail. Et il n'a pas \u00e9t\u00e9 le seul \u00e0 en b\u00e9n\u00e9ficier, les mentors de Jonathan chez D2L se sont sentis plus confiants dans leurs propres r\u00f4les.<\/p>","protected":false},"author":3633,"featured_media":10553,"comment_status":"closed","ping_status":"closed","sticky":false,"template":"","format":"standard","meta":{"_acf_changed":false,"footnotes":""},"categories":[58],"tags":[59],"class_list":["post-6777","post","type-post","status-publish","format-standard","has-post-thumbnail","hentry","category-mentorability-experiences","tag-ontario"],"acf":[],"_links":{"self":[{"href":"https:\/\/www.supportedemployment.ca\/fr\/wp-json\/wp\/v2\/posts\/6777","targetHints":{"allow":["GET"]}}],"collection":[{"href":"https:\/\/www.supportedemployment.ca\/fr\/wp-json\/wp\/v2\/posts"}],"about":[{"href":"https:\/\/www.supportedemployment.ca\/fr\/wp-json\/wp\/v2\/types\/post"}],"author":[{"embeddable":true,"href":"https:\/\/www.supportedemployment.ca\/fr\/wp-json\/wp\/v2\/users\/3633"}],"replies":[{"embeddable":true,"href":"https:\/\/www.supportedemployment.ca\/fr\/wp-json\/wp\/v2\/comments?post=6777"}],"version-history":[{"count":0,"href":"https:\/\/www.supportedemployment.ca\/fr\/wp-json\/wp\/v2\/posts\/6777\/revisions"}],"wp:featuredmedia":[{"embeddable":true,"href":"https:\/\/www.supportedemployment.ca\/fr\/wp-json\/wp\/v2\/media\/10553"}],"wp:attachment":[{"href":"https:\/\/www.supportedemployment.ca\/fr\/wp-json\/wp\/v2\/media?parent=6777"}],"wp:term":[{"taxonomy":"category","embeddable":true,"href":"https:\/\/www.supportedemployment.ca\/fr\/wp-json\/wp\/v2\/categories?post=6777"},{"taxonomy":"post_tag","embeddable":true,"href":"https:\/\/www.supportedemployment.ca\/fr\/wp-json\/wp\/v2\/tags?post=6777"}],"curies":[{"name":"wp","href":"https:\/\/api.w.org\/{rel}","templated":true}]}}