{"id":63881,"date":"2026-09-04T14:08:50","date_gmt":"2026-09-04T18:08:50","guid":{"rendered":"https:\/\/www.supportedemployment.ca\/?p=63881"},"modified":"2026-09-04T14:12:25","modified_gmt":"2026-09-04T18:12:25","slug":"mentorability-experience-story-marie","status":"publish","type":"post","link":"https:\/\/www.supportedemployment.ca\/fr\/mentorability-experience-story-marie\/","title":{"rendered":"T\u00e9moignage de Marie sur son exp\u00e9rience MentorHabilet\u00e9s"},"content":{"rendered":"<div data-elementor-type=\"wp-post\" data-elementor-id=\"63881\" class=\"elementor elementor-63881\" data-elementor-post-type=\"post\">\n\t\t\t\t\t\t<section class=\"elementor-section elementor-top-section elementor-element elementor-element-22e3dc2 elementor-section-boxed elementor-section-height-default elementor-section-height-default\" data-id=\"22e3dc2\" data-element_type=\"section\" data-e-type=\"section\">\n\t\t\t\t\t\t<div class=\"elementor-container elementor-column-gap-default\">\n\t\t\t\t\t<div class=\"elementor-column elementor-col-100 elementor-top-column elementor-element elementor-element-9b151e4\" data-id=\"9b151e4\" data-element_type=\"column\" data-e-type=\"column\">\n\t\t\t<div class=\"elementor-widget-wrap elementor-element-populated\">\n\t\t\t\t\t\t<div class=\"elementor-element elementor-element-d6420cc elementor-widget elementor-widget-image\" data-id=\"d6420cc\" data-element_type=\"widget\" data-e-type=\"widget\" data-widget_type=\"image.default\">\n\t\t\t\t<div class=\"elementor-widget-container\">\n\t\t\t\t\t\t\t\t\t\t\t\t\t\t\t<img fetchpriority=\"high\" decoding=\"async\" width=\"768\" height=\"459\" src=\"https:\/\/www.supportedemployment.ca\/wp-content\/uploads\/2026\/09\/FR.png\" class=\"attachment-medium_large size-medium_large wp-image-63879\" alt=\"Marie: Reconnecting with the Workforce. Facilitated by CDETNO. Logos: MentorAbility Canada, the Canadian Association for Supported Employment and the Government of Canada.\" srcset=\"https:\/\/www.supportedemployment.ca\/wp-content\/uploads\/2026\/09\/FR.png 1024w, https:\/\/www.supportedemployment.ca\/wp-content\/uploads\/2026\/09\/FR-300x179.png 300w, https:\/\/www.supportedemployment.ca\/wp-content\/uploads\/2026\/09\/FR-768x459.png 768w, https:\/\/www.supportedemployment.ca\/wp-content\/uploads\/2026\/09\/FR-18x12.png 18w, https:\/\/www.supportedemployment.ca\/wp-content\/uploads\/2026\/09\/FR-600x359.png 600w\" sizes=\"(max-width: 768px) 100vw, 768px\" \/>\t\t\t\t\t\t\t\t\t\t\t\t\t\t\t<\/div>\n\t\t\t\t<\/div>\n\t\t\t\t\t<\/div>\n\t\t<\/div>\n\t\t\t\t\t<\/div>\n\t\t<\/section>\n\t\t\t\t<section class=\"elementor-section elementor-top-section elementor-element elementor-element-5380fde elementor-section-boxed elementor-section-height-default elementor-section-height-default\" data-id=\"5380fde\" data-element_type=\"section\" data-e-type=\"section\">\n\t\t\t\t\t\t<div class=\"elementor-container elementor-column-gap-default\">\n\t\t\t\t\t<div class=\"elementor-column elementor-col-33 elementor-top-column elementor-element elementor-element-74c4b4e\" data-id=\"74c4b4e\" data-element_type=\"column\" data-e-type=\"column\">\n\t\t\t<div class=\"elementor-widget-wrap elementor-element-populated\">\n\t\t\t\t\t\t<div class=\"elementor-element elementor-element-d6236d7 elementor-widget elementor-widget-heading\" data-id=\"d6236d7\" data-element_type=\"widget\" data-e-type=\"widget\" data-widget_type=\"heading.default\">\n\t\t\t\t<div class=\"elementor-widget-container\">\n\t\t\t\t\t<h4 class=\"elementor-heading-title elementor-size-default\">Cette exp\u00e9rience a aid\u00e9 Marie \u00e0 renouer avec le march\u00e9 du travail, \u00e0 renforcer sa confiance en elle et \u00e0 mieux comprendre les possibilit\u00e9s d\u2019emploi dans les secteurs de l\u2019h\u00f4tellerie et du tourisme \u00e0 Yellowknife.  <\/h4>\t\t\t\t<\/div>\n\t\t\t\t<\/div>\n\t\t\t\t\t<\/div>\n\t\t<\/div>\n\t\t\t\t<div class=\"elementor-column elementor-col-66 elementor-top-column elementor-element elementor-element-12f7174\" data-id=\"12f7174\" data-element_type=\"column\" data-e-type=\"column\">\n\t\t\t<div class=\"elementor-widget-wrap elementor-element-populated\">\n\t\t\t\t\t\t<div class=\"elementor-element elementor-element-62f59b2 elementor-widget elementor-widget-text-editor\" data-id=\"62f59b2\" data-element_type=\"widget\" data-e-type=\"widget\" data-widget_type=\"text-editor.default\">\n\t\t\t\t<div class=\"elementor-widget-container\">\n\t\t\t\t\t\t\t\t\t<p><span data-contrast=\"none\">Lorsque Marie a d\u00e9couvert MentorHabilet\u00e9s Canada, elle poss\u00e9dait d\u00e9j\u00e0 de nombreuses ann\u00e9es d\u2019exp\u00e9rience dans des postes administratifs aupr\u00e8s d\u2019organismes non gouvernementaux locaux et du gouvernement des Territoires du Nord-Ouest. Apr\u00e8s s\u2019\u00eatre \u00e9loign\u00e9e du march\u00e9 du travail pendant une courte p\u00e9riode, elle \u00e9tait pr\u00eate \u00e0 reprendre confiance en elle et \u00e0 explorer les possibilit\u00e9s qui lui permettraient de retourner au travail.\u00a0\u00a0\u00a0<\/span><span data-ccp-props=\"{&quot;201341983&quot;:0,&quot;335559740&quot;:259}\">\u00a0<\/span><\/p><p><span data-contrast=\"none\">MentorHabilet\u00e9s a jumel\u00e9 Marie avec Marilyn et Aileen, respectivement directrice de l\u2019entretien m\u00e9nager et directrice de la r\u00e9ception \u00e0 l\u2019h\u00f4tel Explorer, \u00e0 Yellowknife. Poss\u00e9dant chacune plus de dix ans d\u2019exp\u00e9rience dans le secteur de l\u2019h\u00f4tellerie, les deux mentores lui ont g\u00e9n\u00e9reusement fait part de leurs connaissances du secteur et de leur parcours professionnel.\u00a0\u00a0\u00a0<\/span><span data-ccp-props=\"{&quot;201341983&quot;:0,&quot;335559740&quot;:259}\">\u00a0<\/span><\/p><p><span data-contrast=\"none\">Dans le cadre de son exp\u00e9rience MentorHabilet\u00e9s, Marie a visit\u00e9 l\u2019h\u00f4tel et d\u00e9couvert le fonctionnement de plusieurs services cl\u00e9s, notamment la r\u00e9ception, la buanderie et l\u2019entretien m\u00e9nager. Cette visite lui a permis de mieux comprendre les activit\u00e9s quotidiennes de l\u2019h\u00f4tel ainsi que le r\u00f4le essentiel des diff\u00e9rentes \u00e9quipes qui accueillent la client\u00e8le et assurent le bon fonctionnement de l\u2019\u00e9tablissement. Marie en a \u00e9galement appris davantage sur les responsabilit\u00e9s, les attentes en milieu de travail et l\u2019importance du travail d\u2019\u00e9quipe dans le secteur de l\u2019h\u00f4tellerie.\u00a0\u00a0\u00a0<\/span><span data-ccp-props=\"{&quot;201341983&quot;:0,&quot;335559740&quot;:259}\">\u00a0<\/span><\/p><p><span data-contrast=\"none\">Cette exp\u00e9rience a aid\u00e9 Marie \u00e0 renouer avec le march\u00e9 du travail, \u00e0 renforcer sa confiance en elle et \u00e0 mieux comprendre les possibilit\u00e9s d\u2019emploi dans les secteurs de l\u2019h\u00f4tellerie et du tourisme \u00e0 Yellowknife.\u00a0\u00a0\u00a0<\/span><span data-ccp-props=\"{&quot;201341983&quot;:0,&quot;335559740&quot;:259}\">\u00a0<\/span><\/p><p><span data-contrast=\"none\">Bravo, Marie! Nous vous souhaitons beaucoup de succ\u00e8s pour la suite de votre parcours professionnel.<\/span><span data-ccp-props=\"{&quot;201341983&quot;:0,&quot;335559740&quot;:259}\">\u00a0<\/span><\/p>\t\t\t\t\t\t\t\t<\/div>\n\t\t\t\t<\/div>\n\t\t\t\t\t<\/div>\n\t\t<\/div>\n\t\t\t\t\t<\/div>\n\t\t<\/section>\n\t\t\t\t<\/div>","protected":false},"excerpt":{"rendered":"<p>This experience helped Marie reconnect with the workforce, build confidence, and better understand potential employment pathways within Yellowknife\u2019s hospitality and tourism sector. When Marie was connected to MentorAbility Canada, she [&hellip;]<\/p>\n","protected":false},"author":1637,"featured_media":63879,"comment_status":"closed","ping_status":"closed","sticky":false,"template":"","format":"standard","meta":{"_acf_changed":false,"footnotes":""},"categories":[58,48],"tags":[404],"class_list":["post-63881","post","type-post","status-publish","format-standard","has-post-thumbnail","hentry","category-mentorability-experiences","category-stories","tag-northwest-territories"],"acf":[],"_links":{"self":[{"href":"https:\/\/www.supportedemployment.ca\/fr\/wp-json\/wp\/v2\/posts\/63881","targetHints":{"allow":["GET"]}}],"collection":[{"href":"https:\/\/www.supportedemployment.ca\/fr\/wp-json\/wp\/v2\/posts"}],"about":[{"href":"https:\/\/www.supportedemployment.ca\/fr\/wp-json\/wp\/v2\/types\/post"}],"author":[{"embeddable":true,"href":"https:\/\/www.supportedemployment.ca\/fr\/wp-json\/wp\/v2\/users\/1637"}],"replies":[{"embeddable":true,"href":"https:\/\/www.supportedemployment.ca\/fr\/wp-json\/wp\/v2\/comments?post=63881"}],"version-history":[{"count":4,"href":"https:\/\/www.supportedemployment.ca\/fr\/wp-json\/wp\/v2\/posts\/63881\/revisions"}],"predecessor-version":[{"id":63885,"href":"https:\/\/www.supportedemployment.ca\/fr\/wp-json\/wp\/v2\/posts\/63881\/revisions\/63885"}],"wp:featuredmedia":[{"embeddable":true,"href":"https:\/\/www.supportedemployment.ca\/fr\/wp-json\/wp\/v2\/media\/63879"}],"wp:attachment":[{"href":"https:\/\/www.supportedemployment.ca\/fr\/wp-json\/wp\/v2\/media?parent=63881"}],"wp:term":[{"taxonomy":"category","embeddable":true,"href":"https:\/\/www.supportedemployment.ca\/fr\/wp-json\/wp\/v2\/categories?post=63881"},{"taxonomy":"post_tag","embeddable":true,"href":"https:\/\/www.supportedemployment.ca\/fr\/wp-json\/wp\/v2\/tags?post=63881"}],"curies":[{"name":"wp","href":"https:\/\/api.w.org\/{rel}","templated":true}]}}