{"id":59881,"date":"2025-03-26T12:17:56","date_gmt":"2025-03-26T16:17:56","guid":{"rendered":"https:\/\/www.supportedemployment.ca\/?p=59881"},"modified":"2025-04-03T17:13:37","modified_gmt":"2025-04-03T21:13:37","slug":"hub-highlight-mentorability-quebec","status":"publish","type":"post","link":"https:\/\/www.supportedemployment.ca\/fr\/hub-highlight-mentorability-quebec\/","title":{"rendered":"Point fort du p\u00f4le \u2013 MentorHabilet\u00e9s Qu\u00e9bec"},"content":{"rendered":"<div data-elementor-type=\"wp-post\" data-elementor-id=\"59881\" class=\"elementor elementor-59881\" data-elementor-post-type=\"post\">\n\t\t\t\t\t\t<section class=\"elementor-section elementor-top-section elementor-element elementor-element-626e706 elementor-section-boxed elementor-section-height-default elementor-section-height-default\" data-id=\"626e706\" data-element_type=\"section\" data-e-type=\"section\">\n\t\t\t\t\t\t<div class=\"elementor-container elementor-column-gap-default\">\n\t\t\t\t\t<div class=\"elementor-column elementor-col-100 elementor-top-column elementor-element elementor-element-4ae2946\" data-id=\"4ae2946\" data-element_type=\"column\" data-e-type=\"column\">\n\t\t\t<div class=\"elementor-widget-wrap elementor-element-populated\">\n\t\t\t\t\t\t<div class=\"elementor-element elementor-element-ef776f8 elementor-widget elementor-widget-heading\" data-id=\"ef776f8\" data-element_type=\"widget\" data-e-type=\"widget\" data-widget_type=\"heading.default\">\n\t\t\t\t<div class=\"elementor-widget-container\">\n\t\t\t\t\t<h2 class=\"elementor-heading-title elementor-size-default\">S\u00e9rie des moments forts du p\u00f4le MentorAbility Canada<\/h2>\t\t\t\t<\/div>\n\t\t\t\t<\/div>\n\t\t\t\t\t<\/div>\n\t\t<\/div>\n\t\t\t\t\t<\/div>\n\t\t<\/section>\n\t\t\t\t<section class=\"elementor-section elementor-top-section elementor-element elementor-element-97a1bda elementor-section-boxed elementor-section-height-default elementor-section-height-default\" data-id=\"97a1bda\" data-element_type=\"section\" data-e-type=\"section\">\n\t\t\t\t\t\t<div class=\"elementor-container elementor-column-gap-default\">\n\t\t\t\t\t<div class=\"elementor-column elementor-col-100 elementor-top-column elementor-element elementor-element-bcf05b0\" data-id=\"bcf05b0\" data-element_type=\"column\" data-e-type=\"column\" data-settings=\"{&quot;background_background&quot;:&quot;classic&quot;}\">\n\t\t\t<div class=\"elementor-widget-wrap elementor-element-populated\">\n\t\t\t\t\t\t<div class=\"elementor-element elementor-element-6504f89 elementor-widget elementor-widget-text-editor\" data-id=\"6504f89\" data-element_type=\"widget\" data-e-type=\"widget\" data-widget_type=\"text-editor.default\">\n\t\t\t\t<div class=\"elementor-widget-container\">\n\t\t\t\t\t\t\t\t\t<p>Chaque mois, MentorAbility Canada pr\u00e9sente fi\u00e8rement l'un de ses partenaires de mise en \u0153uvre. Il s'agit des coordonnateurs de MentorAbility, ces artisans de l'ombre qui accomplissent leurs t\u00e2ches en toute discr\u00e9tion pour que les chercheurs d'emploi, les employeurs et les fournisseurs de services puissent briller sous les feux de la rampe.<\/p>\t\t\t\t\t\t\t\t<\/div>\n\t\t\t\t<\/div>\n\t\t\t\t<div class=\"elementor-element elementor-element-b3fbc0d elementor-widget elementor-widget-text-editor\" data-id=\"b3fbc0d\" data-element_type=\"widget\" data-e-type=\"widget\" data-widget_type=\"text-editor.default\">\n\t\t\t\t<div class=\"elementor-widget-container\">\n\t\t\t\t\t\t\t\t\t<p style=\"text-align: center;\"><span style=\"font-weight: bold; background-color: var( --e-global-color-e3e8097 ); color: var( --e-global-color-text ); font-family: var( --e-global-typography-text-font-family ), Sans-serif; font-size: var( --e-global-typography-text-font-size );\">Pour la version fran\u00e7aise de cet article<\/span><b><span style=\"background-color: var( --e-global-color-e3e8097 ); color: var( --e-global-color-text ); font-family: var( --e-global-typography-text-font-family ), Sans-serif; font-size: var( --e-global-typography-text-font-size );\">,<\/span><span style=\"background-color: var( --e-global-color-e3e8097 ); color: var( --e-global-color-text ); font-family: var( --e-global-typography-text-font-family ), Sans-serif; font-size: var( --e-global-typography-text-font-size );\">&nbsp;<\/span><\/b><a href=\"https:\/\/www.supportedemployment.ca\/fr\/lumiere-sur-mentorhabiletes-quebec-tisser-des-liens-pour-un-avenir-inclusif\/\" target=\"_blank\" style=\"font-family: var( --e-global-typography-text-font-family ), Sans-serif; font-size: var( --e-global-typography-text-font-size );\">veuillez cliquer ici.<\/a><\/p>\n<p style=\"text-align: center;\"><span style=\"font-weight: bolder;\">Pour la version <\/span><b>fran\u00e7aise&nbsp;<\/b><span style=\"font-weight: bolder;\">de cet article<\/span><b>e,&nbsp;<\/b><a href=\"https:\/\/www.supportedemployment.ca\/fr\/lumiere-sur-mentorhabiletes-quebec-tisser-des-liens-pour-un-avenir-inclusif\/\" target=\"_blank\" style=\"font-family: var( --e-global-typography-text-font-family ), Sans-serif; font-size: var( --e-global-typography-text-font-size );\">veuillez cliquer ici.<\/a><\/p>\t\t\t\t\t\t\t\t<\/div>\n\t\t\t\t<\/div>\n\t\t\t\t\t<\/div>\n\t\t<\/div>\n\t\t\t\t\t<\/div>\n\t\t<\/section>\n\t\t\t\t<section class=\"elementor-section elementor-top-section elementor-element elementor-element-18094b1 elementor-section-boxed elementor-section-height-default elementor-section-height-default\" data-id=\"18094b1\" data-element_type=\"section\" data-e-type=\"section\">\n\t\t\t\t\t\t<div class=\"elementor-container elementor-column-gap-default\">\n\t\t\t\t\t<div class=\"elementor-column elementor-col-100 elementor-top-column elementor-element elementor-element-371b901\" data-id=\"371b901\" data-element_type=\"column\" data-e-type=\"column\">\n\t\t\t<div class=\"elementor-widget-wrap elementor-element-populated\">\n\t\t\t\t\t\t<div class=\"elementor-element elementor-element-59ba98e elementor-widget elementor-widget-heading\" data-id=\"59ba98e\" data-element_type=\"widget\" data-e-type=\"widget\" data-widget_type=\"heading.default\">\n\t\t\t\t<div class=\"elementor-widget-container\">\n\t\t\t\t\t<h2 class=\"elementor-heading-title elementor-size-default\">MentorHabilet\u00e9s Qu\u00e9bec : <br>Tisser des liens pour un avenir inclusif<\/h2>\t\t\t\t<\/div>\n\t\t\t\t<\/div>\n\t\t\t\t\t<\/div>\n\t\t<\/div>\n\t\t\t\t\t<\/div>\n\t\t<\/section>\n\t\t\t\t<section class=\"elementor-section elementor-top-section elementor-element elementor-element-c31292a elementor-section-boxed elementor-section-height-default elementor-section-height-default\" data-id=\"c31292a\" data-element_type=\"section\" data-e-type=\"section\">\n\t\t\t\t\t\t<div class=\"elementor-container elementor-column-gap-default\">\n\t\t\t\t\t<div class=\"elementor-column elementor-col-50 elementor-top-column elementor-element elementor-element-5bbefaa\" data-id=\"5bbefaa\" data-element_type=\"column\" data-e-type=\"column\">\n\t\t\t<div class=\"elementor-widget-wrap elementor-element-populated\">\n\t\t\t\t\t\t<div class=\"elementor-element elementor-element-0262053 elementor-widget elementor-widget-text-editor\" data-id=\"0262053\" data-element_type=\"widget\" data-e-type=\"widget\" data-widget_type=\"text-editor.default\">\n\t\t\t\t<div class=\"elementor-widget-container\">\n\t\t\t\t\t\t\t\t\t<p>En s&#039;appuyant sur des mentorats de courte dur\u00e9e facilit\u00e9s, MentorHabilet\u00e9s Qu\u00e9bec cr\u00e9e des liens professionnels significatifs et des occasions d&#039;apprentissage entre les employeurs et les personnes handicap\u00e9es.\u00a0<\/p><p>Cette initiative ouvre de nouvelles perspectives d&#039;emploi aux chercheurs d&#039;emploi, tout en favorisant la compr\u00e9hension mutuelle et inclusion en milieu de travail partout au Qu\u00e9bec.<\/p><p><b>Le Regroupement des organismes sp\u00e9cialis\u00e9s pour l&#039;emploi des personnes handicap\u00e9es (ROSEPH) regroupe 25 services sp\u00e9cialis\u00e9s r\u00e9partis partout dans la province qui accompagnent les chercheurs d&#039;emploi en situation de handicap et les employeurs depuis plus de deux d\u00e9cennies.\u00a0<\/b><\/p><p>MentorHabilet\u00e9s Qu\u00e9bec b\u00e9n\u00e9ficie de la solide assise et de l&#039;expertise du vaste r\u00e9seau d&#039;organismes communautaires, de sp\u00e9cialistes de l&#039;emploi et de partenaires d\u00e9vou\u00e9s de ROSEPH.\u00a0<\/p><p>Ensemble, ces membres renforcent la capacit\u00e9 de leur r\u00e9seau \u00e0 favoriser des liens significatifs et \u00e0 r\u00e9pondre aux divers besoins des entreprises et des demandeurs d&#039;emploi.<\/p>\t\t\t\t\t\t\t\t<\/div>\n\t\t\t\t<\/div>\n\t\t\t\t\t<\/div>\n\t\t<\/div>\n\t\t\t\t<div class=\"elementor-column elementor-col-50 elementor-top-column elementor-element elementor-element-64cedee\" data-id=\"64cedee\" data-element_type=\"column\" data-e-type=\"column\">\n\t\t\t<div class=\"elementor-widget-wrap elementor-element-populated\">\n\t\t\t\t\t\t<div class=\"elementor-element elementor-element-4412a20 elementor-widget__width-initial elementor-widget elementor-widget-image\" data-id=\"4412a20\" data-element_type=\"widget\" data-e-type=\"widget\" data-widget_type=\"image.default\">\n\t\t\t\t<div class=\"elementor-widget-container\">\n\t\t\t\t\t\t\t\t\t\t\t\t\t\t\t<img decoding=\"async\" src=\"https:\/\/www.supportedemployment.ca\/wp-content\/uploads\/elementor\/thumbs\/Hub-highight_QC-smaller-r2gu2evib6t5qt60bd9ddbv7ilrgcl375wsriepzis.jpg\" title=\"Hub highlight_QC-plus petit\" alt=\"Hub Highlight MentorAbility Quebec. ROSEPH. Lumi\u00e8re sur MentorHabilet\u00e9s Qu\u00e9bec. ROSEPH. ACSE. Gouvernement du Canada. CASE. Government of Canada.\" loading=\"lazy\" \/>\t\t\t\t\t\t\t\t\t\t\t\t\t\t\t<\/div>\n\t\t\t\t<\/div>\n\t\t\t\t\t<\/div>\n\t\t<\/div>\n\t\t\t\t\t<\/div>\n\t\t<\/section>\n\t\t\t\t<section class=\"elementor-section elementor-top-section elementor-element elementor-element-12277c4 elementor-section-boxed elementor-section-height-default elementor-section-height-default\" data-id=\"12277c4\" data-element_type=\"section\" data-e-type=\"section\" data-settings=\"{&quot;background_background&quot;:&quot;classic&quot;}\">\n\t\t\t\t\t\t<div class=\"elementor-container elementor-column-gap-default\">\n\t\t\t\t\t<div class=\"elementor-column elementor-col-100 elementor-top-column elementor-element elementor-element-bafcd0f\" data-id=\"bafcd0f\" data-element_type=\"column\" data-e-type=\"column\">\n\t\t\t<div class=\"elementor-widget-wrap elementor-element-populated\">\n\t\t\t\t\t\t<div class=\"elementor-element elementor-element-5ac201e elementor-widget elementor-widget-text-editor\" data-id=\"5ac201e\" data-element_type=\"widget\" data-e-type=\"widget\" data-widget_type=\"text-editor.default\">\n\t\t\t\t<div class=\"elementor-widget-container\">\n\t\t\t\t\t\t\t\t\t<p>Laurence Marin, Directrice g\u00e9n\u00e9rale de ROSEPH, souligne l&#039;impact transformateur de ces partenariats\u00a0:<\/p>\t\t\t\t\t\t\t\t<\/div>\n\t\t\t\t<\/div>\n\t\t\t\t<div class=\"elementor-element elementor-element-8de938e elementor-widget elementor-widget-text-editor\" data-id=\"8de938e\" data-element_type=\"widget\" data-e-type=\"widget\" data-widget_type=\"text-editor.default\">\n\t\t\t\t<div class=\"elementor-widget-container\">\n\t\t\t\t\t\t\t\t\t<p>\u201c S\u2019ouvrir aux autres provinces, d\u00e9couvrir les pratiques de nos pairs partout au Canada, d\u00e9velopper des comp\u00e9tences en communication dans un contexte national et, surtout, offrir de nouvelles fa\u00e7ons de cr\u00e9er des liens entre les employeurs et les personnes handicap\u00e9es qui souhaitent simplement mettre en valeur leurs comp\u00e9tences. \u2019<\/p>\t\t\t\t\t\t\t\t<\/div>\n\t\t\t\t<\/div>\n\t\t\t\t<div class=\"elementor-element elementor-element-70aaa92 elementor-widget elementor-widget-heading\" data-id=\"70aaa92\" data-element_type=\"widget\" data-e-type=\"widget\" data-widget_type=\"heading.default\">\n\t\t\t\t<div class=\"elementor-widget-container\">\n\t\t\t\t\t<h3 class=\"elementor-heading-title elementor-size-default\">Une approche de mentorat qui transforme les perspectives et ouvre des portes <\/h3>\t\t\t\t<\/div>\n\t\t\t\t<\/div>\n\t\t\t\t<div class=\"elementor-element elementor-element-7636e2b elementor-widget elementor-widget-text-editor\" data-id=\"7636e2b\" data-element_type=\"widget\" data-e-type=\"widget\" data-widget_type=\"text-editor.default\">\n\t\t\t\t<div class=\"elementor-widget-container\">\n\t\t\t\t\t\t\t\t\t<p>L&#039;approche de MentorAbility repose sur deux piliers essentiels\u00a0: sensibiliser les employeurs \u00e0 inclusion en milieu de travail et offrir aux mentor\u00e9s des opportunit\u00e9s d&#039;exploration de carri\u00e8re. Gr\u00e2ce \u00e0 cet \u00e9change dynamique, des liens significatifs se tissent, apportant de nouvelles perspectives professionnelles aux mentors comme aux mentor\u00e9s.\u00a0<\/p><p>Adeline Zilliox, coordinatrice du programme MentorHabilet\u00e9s chez ROSEPH, souligne l&#039;impact de ces initiatives\u00a0:<\/p>\t\t\t\t\t\t\t\t<\/div>\n\t\t\t\t<\/div>\n\t\t\t\t<div class=\"elementor-element elementor-element-9076fb0 elementor-widget elementor-widget-text-editor\" data-id=\"9076fb0\" data-element_type=\"widget\" data-e-type=\"widget\" data-widget_type=\"text-editor.default\">\n\t\t\t\t<div class=\"elementor-widget-container\">\n\t\t\t\t\t\t\t\t\t<p>\u201c En 2025, il est essentiel de faciliter des liens significatifs qui ouvrent la voie \u00e0 l\u2019inclusion. Soutenir notre communaut\u00e9, c\u2019est permettre \u00e0 chacun de contribuer \u00e0 la soci\u00e9t\u00e9. En valorisant la diversit\u00e9 des talents, les employeurs deviennent des acteurs du changement, de l\u2019innovation et de la solidarit\u00e9 au sein de leur communaut\u00e9. \u201d<\/p>\t\t\t\t\t\t\t\t<\/div>\n\t\t\t\t<\/div>\n\t\t\t\t<div class=\"elementor-element elementor-element-c98956c elementor-widget elementor-widget-text-editor\" data-id=\"c98956c\" data-element_type=\"widget\" data-e-type=\"widget\" data-widget_type=\"text-editor.default\">\n\t\t\t\t<div class=\"elementor-widget-container\">\n\t\t\t\t\t\t\t\t\t<p><span style=\"color: var( --e-global-color-text ); font-family: var( --e-global-typography-text-font-family ), Sans-serif; font-size: var( --e-global-typography-text-font-size ); font-weight: var( --e-global-typography-text-font-weight );\">Gr\u00e2ce au mentorat, de nombreux employeurs d\u00e9couvrent la richesse d&#039;une approche inclusive. Certains adaptent leurs pratiques en milieu de travail, tandis que d&#039;autres deviennent des ambassadeurs du programme, convaincus que la diversit\u00e9 favorise la croissance et l&#039;innovation.\u00a0<\/span>L\u2019\u00e9quipe de MentorHabilet\u00e9s Qu\u00e9bec accorde une grande importance au r\u00f4le des mentors. Leur ouverture d\u2019esprit, leur dynamisme et leur volont\u00e9 de partager leur expertise sont des ingr\u00e9dients essentiels \u00e0 la r\u00e9ussite des mentorats.\u00a0<\/p><p>Chaque exp\u00e9rience MentorHabilet\u00e9s devient une occasion unique d&#039;apprentissage mutuel et d&#039;\u00e9largissement des horizons, tant pour le personne mentor\u00e9e que pour le mentor-e.<\/p>\t\t\t\t\t\t\t\t<\/div>\n\t\t\t\t<\/div>\n\t\t\t\t<div class=\"elementor-element elementor-element-bf51b17 elementor-widget elementor-widget-heading\" data-id=\"bf51b17\" data-element_type=\"widget\" data-e-type=\"widget\" data-widget_type=\"heading.default\">\n\t\t\t\t<div class=\"elementor-widget-container\">\n\t\t\t\t\t<h3 class=\"elementor-heading-title elementor-size-default\">Apprentissage r\u00e9ciproque <\/h3>\t\t\t\t<\/div>\n\t\t\t\t<\/div>\n\t\t\t\t<div class=\"elementor-element elementor-element-20744ae elementor-widget elementor-widget-text-editor\" data-id=\"20744ae\" data-element_type=\"widget\" data-e-type=\"widget\" data-widget_type=\"text-editor.default\">\n\t\t\t\t<div class=\"elementor-widget-container\">\n\t\t\t\t\t\t\t\t\t<p>Les employeurs d\u00e9couvrent un vivier de talents insoup\u00e7onn\u00e9, tandis que les mentor\u00e9s gagnent en confiance et pr\u00e9cisent leurs objectifs professionnels. Gr\u00e2ce au mentorat, les mentor\u00e9s construisent leur parcours de carri\u00e8re. Certains choisiront de suivre une formation, d&#039;autres d&#039;effectuer des stages ou de d\u00e9crocher leur premier emploi.\u00a0<\/p><p>L\u2019\u00e9quipe de MentorHabilet\u00e9s Qu\u00e9bec con\u00e7oit le mentorat comme un effort collectif qui repose sur la collaboration. Employeurs, mentors, fournisseurs de services d\u2019emploi et organismes communautaires contribuent tous \u00e0 cr\u00e9er des exp\u00e9riences professionnelles enrichissantes qui profitent tant aux mentor\u00e9s qu\u2019aux milieux de travail qui les accueillent.<\/p><p>Pour les employeurs et les mentors, ces \u00e9changes repr\u00e9sentent bien plus qu&#039;une simple occasion d&#039;accompagner une personne dans son exploration de carri\u00e8re\u00a0: ils offrent une perspective nouvelle sur la diversit\u00e9 et l&#039;inclusion au sein des \u00e9quipes. S&#039;engager aupr\u00e8s des mentor\u00e9s permet aux employeurs de mieux identifier les viviers de talents inexploit\u00e9s, d&#039;affiner leurs strat\u00e9gies de recrutement et de fid\u00e9lisation, et de favoriser un environnement de travail plus inclusif.\u00a0<\/p><p>Les mentors, quant \u00e0 eux, d\u00e9veloppent leurs comp\u00e9tences en leadership et en coaching, renforcent leur capacit\u00e9 \u00e0 travailler avec des \u00e9quipes diversifi\u00e9es et acqui\u00e8rent des connaissances qui favorisent leur propre d\u00e9veloppement professionnel.\u00a0<span style=\"color: var( --e-global-color-text ); font-family: var( --e-global-typography-text-font-family ), Sans-serif; font-size: var( --e-global-typography-text-font-size );\">Pour les mentor\u00e9s, ces exp\u00e9riences encadr\u00e9es renforcent la confiance en soi et clarifient les objectifs de carri\u00e8re, ouvrant ainsi des portes vers des formations compl\u00e9mentaires, des stages ou un emploi direct.\u00a0<\/span><\/p><p><span style=\"color: var( --e-global-color-text ); font-family: var( --e-global-typography-text-font-family ), Sans-serif; font-size: var( --e-global-typography-text-font-size );\"><b>Ces liens, notamment dans les r\u00e9gions confront\u00e9es \u00e0 une p\u00e9nurie de main-d&#039;\u0153uvre, permettent de cr\u00e9er des solutions innovantes pour le d\u00e9veloppement des comp\u00e9tences professionnelles.\u00a0<\/b><\/span><\/p><p><span style=\"color: var( --e-global-color-text ); font-family: var( --e-global-typography-text-font-family ), Sans-serif; font-size: var( --e-global-typography-text-font-size ); font-weight: var( --e-global-typography-text-font-weight );\">\u00c0 mesure que ces programmes de mentorat se multiplient au Qu\u00e9bec, ils cr\u00e9ent des effets d\u2019entra\u00eenement : ils transforment les cultures de travail, \u00e9largissent les r\u00e9seaux et renforcent la valeur de l\u2019inclusion sur le march\u00e9 du travail.<\/span><\/p><p>Gr\u00e2ce \u00e0 des activit\u00e9s men\u00e9es en milieu urbain et rural, l&#039;\u00e9quipe de MentorHabilet\u00e9s Qu\u00e9bec constate directement comment ces liens professionnels r\u00e9v\u00e8lent un potentiel durable. Le programme permet aux participants d&#039;explorer et de d\u00e9finir un cheminement de carri\u00e8re viable. D\u00e9couvrir un milieu de travail et interagir avec des professionnels constituent souvent les premiers pas vers une carri\u00e8re prometteuse.<\/p>\t\t\t\t\t\t\t\t<\/div>\n\t\t\t\t<\/div>\n\t\t\t\t<div class=\"elementor-element elementor-element-43090d1 elementor-widget elementor-widget-heading\" data-id=\"43090d1\" data-element_type=\"widget\" data-e-type=\"widget\" data-widget_type=\"heading.default\">\n\t\t\t\t<div class=\"elementor-widget-container\">\n\t\t\t\t\t<h3 class=\"elementor-heading-title elementor-size-default\">Une vision pour la croissance et l&#039;innovation futures <\/h3>\t\t\t\t<\/div>\n\t\t\t\t<\/div>\n\t\t\t\t\t<\/div>\n\t\t<\/div>\n\t\t\t\t\t<\/div>\n\t\t<\/section>\n\t\t\t\t<section class=\"elementor-section elementor-top-section elementor-element elementor-element-ae21749 elementor-section-boxed elementor-section-height-default elementor-section-height-default\" data-id=\"ae21749\" data-element_type=\"section\" data-e-type=\"section\">\n\t\t\t\t\t\t<div class=\"elementor-container elementor-column-gap-default\">\n\t\t\t\t\t<div class=\"elementor-column elementor-col-50 elementor-top-column elementor-element elementor-element-cdb3958\" data-id=\"cdb3958\" data-element_type=\"column\" data-e-type=\"column\">\n\t\t\t<div class=\"elementor-widget-wrap elementor-element-populated\">\n\t\t\t\t\t\t<div class=\"elementor-element elementor-element-a7ed758 elementor-widget elementor-widget-text-editor\" data-id=\"a7ed758\" data-element_type=\"widget\" data-e-type=\"widget\" data-widget_type=\"text-editor.default\">\n\t\t\t\t<div class=\"elementor-widget-container\">\n\t\t\t\t\t\t\t\t\t<p>La croissance et l&#039;innovation font partie int\u00e9grante de la vision \u00e0 long terme o\u00f9 l&#039;inclusion devient la norme plut\u00f4t que l&#039;exception. Les efforts de MentorHabilet\u00e9s Qu\u00e9bec vont au-del\u00e0 des simples liens entre mentor\u00e9s et employeurs. Le programme prend de l&#039;ampleur \u00e0 l&#039;\u00e9chelle r\u00e9gionale, avec pour objectif de renforcer les liens avec les communaut\u00e9s autochtones et les entreprises locales. Ces partenariats permettent d&#039;adapter les exp\u00e9riences de mentorat aux r\u00e9alit\u00e9s du march\u00e9 du travail qu\u00e9b\u00e9cois et d&#039;offrir des possibilit\u00e9s adapt\u00e9es \u00e0 diff\u00e9rents secteurs.<\/p><p>L\u2019avenir de MentorHabilet\u00e9s Qu\u00e9bec repose sur une croissance organique et une diversification. L\u2019\u00e9quipe explore de nouvelles pistes, comme le d\u00e9veloppement de programmes de mentorat dans les secteurs saisonniers li\u00e9s aux march\u00e9s locaux, la collaboration avec des personnalit\u00e9s publiques pour accro\u00eetre la visibilit\u00e9 des programmes et la cr\u00e9ation de contenu bilingue afin d\u2019am\u00e9liorer leur accessibilit\u00e9 aupr\u00e8s des communaut\u00e9s francophones et anglophones.<\/p>\t\t\t\t\t\t\t\t<\/div>\n\t\t\t\t<\/div>\n\t\t\t\t\t<\/div>\n\t\t<\/div>\n\t\t\t\t<div class=\"elementor-column elementor-col-50 elementor-top-column elementor-element elementor-element-1b6dd28\" data-id=\"1b6dd28\" data-element_type=\"column\" data-e-type=\"column\" data-settings=\"{&quot;background_background&quot;:&quot;classic&quot;}\">\n\t\t\t<div class=\"elementor-widget-wrap elementor-element-populated\">\n\t\t\t\t\t\t<div class=\"elementor-element elementor-element-ef23d81 elementor-widget elementor-widget-heading\" data-id=\"ef23d81\" data-element_type=\"widget\" data-e-type=\"widget\" data-widget_type=\"heading.default\">\n\t\t\t\t<div class=\"elementor-widget-container\">\n\t\t\t\t\t<h6 class=\"elementor-heading-title elementor-size-default\">Forte d\u2019une vision claire et d\u2019une communaut\u00e9 soud\u00e9e, MentorHabilet\u00e9s Qu\u00e9bec continue de transformer les pratiques inclusion en milieu de travail . Gr\u00e2ce \u00e0 l\u2019expertise de ROSEPH, \u00e0 l\u2019engagement de ses membres et partenaires et \u00e0 la motivation des mentor\u00e9s, l\u2019initiative agit comme un catalyseur pour l\u2019inclusion des personnes handicap\u00e9es dans le milieu professionnel qu\u00e9b\u00e9cois.<\/h6>\t\t\t\t<\/div>\n\t\t\t\t<\/div>\n\t\t\t\t\t<\/div>\n\t\t<\/div>\n\t\t\t\t\t<\/div>\n\t\t<\/section>\n\t\t\t\t<section class=\"elementor-section elementor-top-section elementor-element elementor-element-55bd7f7 elementor-section-boxed elementor-section-height-default elementor-section-height-default\" data-id=\"55bd7f7\" data-element_type=\"section\" data-e-type=\"section\">\n\t\t\t\t\t\t<div class=\"elementor-container elementor-column-gap-default\">\n\t\t\t\t\t<div class=\"elementor-column elementor-col-100 elementor-top-column elementor-element elementor-element-0610f8e\" data-id=\"0610f8e\" data-element_type=\"column\" data-e-type=\"column\" data-settings=\"{&quot;background_background&quot;:&quot;classic&quot;}\">\n\t\t\t<div class=\"elementor-widget-wrap elementor-element-populated\">\n\t\t\t\t\t\t<div class=\"elementor-element elementor-element-ba8b21d elementor-widget elementor-widget-text-editor\" data-id=\"ba8b21d\" data-element_type=\"widget\" data-e-type=\"widget\" data-widget_type=\"text-editor.default\">\n\t\t\t\t<div class=\"elementor-widget-container\">\n\t\t\t\t\t\t\t\t\t<p style=\"text-align: center;\">Pour \u00e9crire votre propre histoire avec MentorHabilet\u00e9s Qu\u00e9bec, visitez le site Web de ROSEPH ou contactez leur coordonnateur.<\/p>\t\t\t\t\t\t\t\t<\/div>\n\t\t\t\t<\/div>\n\t\t\t\t\t<\/div>\n\t\t<\/div>\n\t\t\t\t\t<\/div>\n\t\t<\/section>\n\t\t\t\t<section class=\"elementor-section elementor-top-section elementor-element elementor-element-c0a8f3e elementor-section-boxed elementor-section-height-default elementor-section-height-default\" data-id=\"c0a8f3e\" data-element_type=\"section\" data-e-type=\"section\">\n\t\t\t\t\t\t<div class=\"elementor-container elementor-column-gap-default\">\n\t\t\t\t\t<div class=\"elementor-column elementor-col-100 elementor-top-column elementor-element elementor-element-f16e977\" data-id=\"f16e977\" data-element_type=\"column\" data-e-type=\"column\" data-settings=\"{&quot;background_background&quot;:&quot;classic&quot;}\">\n\t\t\t<div class=\"elementor-widget-wrap elementor-element-populated\">\n\t\t\t\t\t\t<div class=\"elementor-element elementor-element-a2a0772 elementor-widget-tablet__width-initial elementor-view-default elementor-position-block-start elementor-mobile-position-block-start elementor-widget elementor-widget-icon-box\" data-id=\"a2a0772\" data-element_type=\"widget\" data-e-type=\"widget\" data-widget_type=\"icon-box.default\">\n\t\t\t\t<div class=\"elementor-widget-container\">\n\t\t\t\t\t\t\t<div class=\"elementor-icon-box-wrapper\">\n\n\t\t\t\t\t\t<div class=\"elementor-icon-box-icon\">\n\t\t\t\t<a href=\"https:\/\/roseph.ca\/\" target=\"_blank\" class=\"elementor-icon\" tabindex=\"-1\" aria-label=\"ROSEPH\" rel=\"noopener\">\n\t\t\t\t<i aria-hidden=\"true\" class=\"icon icon-arrow-point-to-down\"><\/i>\t\t\t\t<\/a>\n\t\t\t<\/div>\n\t\t\t\n\t\t\t\t\t\t<div class=\"elementor-icon-box-content\">\n\n\t\t\t\t\t\t\t\t\t<h3 class=\"elementor-icon-box-title\">\n\t\t\t\t\t\t<a href=\"https:\/\/roseph.ca\/\" target=\"_blank\" rel=\"noopener\">\n\t\t\t\t\t\t\tROSEPH\t\t\t\t\t\t<\/a>\n\t\t\t\t\t<\/h3>\n\t\t\t\t\n\t\t\t\t\t\t\t\t\t<p class=\"elementor-icon-box-description\">\n\t\t\t\t\t\t(Cliquez sur le nom de l&#039;organisation pour acc\u00e9der \u00e0 son site web)<br><\/br>\n<b>Contact:<\/b> Adeline Zilliox, coordinatrice de MentorHabilet\u00e9s\n<p><\/p>\n<b>Courriel\u202f: <\/b> azilliox@roseph.ca\n<p><\/p>\n<b>T\u00e9l\u00e9phone : <\/b> 1-438-869-8075\n\t\t\t\t\t<\/p>\n\t\t\t\t\n\t\t\t<\/div>\n\t\t\t\n\t\t<\/div>\n\t\t\t\t\t\t<\/div>\n\t\t\t\t<\/div>\n\t\t\t\t\t<\/div>\n\t\t<\/div>\n\t\t\t\t\t<\/div>\n\t\t<\/section>\n\t\t\t\t<section class=\"elementor-section elementor-top-section elementor-element elementor-element-8266bd2 elementor-section-boxed elementor-section-height-default elementor-section-height-default\" data-id=\"8266bd2\" data-element_type=\"section\" data-e-type=\"section\">\n\t\t\t\t\t\t<div class=\"elementor-container elementor-column-gap-default\">\n\t\t\t\t\t<div class=\"elementor-column elementor-col-100 elementor-top-column elementor-element elementor-element-7dc015a\" data-id=\"7dc015a\" data-element_type=\"column\" data-e-type=\"column\">\n\t\t\t<div class=\"elementor-widget-wrap elementor-element-populated\">\n\t\t\t\t\t\t<div class=\"elementor-element elementor-element-5fb5634 elementor-widget elementor-widget-text-editor\" data-id=\"5fb5634\" data-element_type=\"widget\" data-e-type=\"widget\" data-widget_type=\"text-editor.default\">\n\t\t\t\t<div class=\"elementor-widget-container\">\n\t\t\t\t\t\t\t\t\t<p>Partagez cet article !<\/p>\t\t\t\t\t\t\t\t<\/div>\n\t\t\t\t<\/div>\n\t\t\t\t<div class=\"elementor-element elementor-element-a1bef30 elementor-share-buttons--view-icon-text elementor-share-buttons--skin-gradient elementor-share-buttons--shape-square elementor-grid-0 elementor-share-buttons--color-official elementor-widget elementor-widget-share-buttons\" data-id=\"a1bef30\" data-element_type=\"widget\" data-e-type=\"widget\" data-widget_type=\"share-buttons.default\">\n\t\t\t\t<div class=\"elementor-widget-container\">\n\t\t\t\t\t\t\t<div class=\"elementor-grid\" role=\"list\">\n\t\t\t\t\t\t\t\t<div class=\"elementor-grid-item\" role=\"listitem\">\n\t\t\t\t\t\t<div class=\"elementor-share-btn elementor-share-btn_linkedin\" role=\"button\" tabindex=\"0\" aria-label=\"Partager sur LinkedIn\">\n\t\t\t\t\t\t\t\t\t\t\t\t\t\t\t<span class=\"elementor-share-btn__icon\">\n\t\t\t\t\t\t\t\t<i class=\"fab fa-linkedin\" aria-hidden=\"true\"><\/i>\t\t\t\t\t\t\t<\/span>\n\t\t\t\t\t\t\t\t\t\t\t\t\t\t\t\t\t\t\t\t\t\t<div class=\"elementor-share-btn__text\">\n\t\t\t\t\t\t\t\t\t\t\t\t\t\t\t\t\t\t\t<span class=\"elementor-share-btn__title\">\n\t\t\t\t\t\t\t\t\t\tLinkedIn\t\t\t\t\t\t\t\t\t<\/span>\n\t\t\t\t\t\t\t\t\t\t\t\t\t\t\t\t\t<\/div>\n\t\t\t\t\t\t\t\t\t\t\t\t\t<\/div>\n\t\t\t\t\t<\/div>\n\t\t\t\t\t\t\t\t\t<div class=\"elementor-grid-item\" role=\"listitem\">\n\t\t\t\t\t\t<div class=\"elementor-share-btn elementor-share-btn_facebook\" role=\"button\" tabindex=\"0\" aria-label=\"Partager sur Facebook\">\n\t\t\t\t\t\t\t\t\t\t\t\t\t\t\t<span class=\"elementor-share-btn__icon\">\n\t\t\t\t\t\t\t\t<i class=\"fab fa-facebook\" aria-hidden=\"true\"><\/i>\t\t\t\t\t\t\t<\/span>\n\t\t\t\t\t\t\t\t\t\t\t\t\t\t\t\t\t\t\t\t\t\t<div class=\"elementor-share-btn__text\">\n\t\t\t\t\t\t\t\t\t\t\t\t\t\t\t\t\t\t\t<span class=\"elementor-share-btn__title\">\n\t\t\t\t\t\t\t\t\t\tFacebook\t\t\t\t\t\t\t\t\t<\/span>\n\t\t\t\t\t\t\t\t\t\t\t\t\t\t\t\t\t<\/div>\n\t\t\t\t\t\t\t\t\t\t\t\t\t<\/div>\n\t\t\t\t\t<\/div>\n\t\t\t\t\t\t\t\t\t<div class=\"elementor-grid-item\" role=\"listitem\">\n\t\t\t\t\t\t<div class=\"elementor-share-btn elementor-share-btn_threads\" role=\"button\" tabindex=\"0\" aria-label=\"Partager sur Threads\">\n\t\t\t\t\t\t\t\t\t\t\t\t\t\t\t<span class=\"elementor-share-btn__icon\">\n\t\t\t\t\t\t\t\t<i class=\"fab fa-threads\" aria-hidden=\"true\"><\/i>\t\t\t\t\t\t\t<\/span>\n\t\t\t\t\t\t\t\t\t\t\t\t\t\t\t\t\t\t\t\t\t\t<div class=\"elementor-share-btn__text\">\n\t\t\t\t\t\t\t\t\t\t\t\t\t\t\t\t\t\t\t<span class=\"elementor-share-btn__title\">\n\t\t\t\t\t\t\t\t\t\tFils\t\t\t\t\t\t\t\t\t<\/span>\n\t\t\t\t\t\t\t\t\t\t\t\t\t\t\t\t\t<\/div>\n\t\t\t\t\t\t\t\t\t\t\t\t\t<\/div>\n\t\t\t\t\t<\/div>\n\t\t\t\t\t\t\t\t\t<div class=\"elementor-grid-item\" role=\"listitem\">\n\t\t\t\t\t\t<div class=\"elementor-share-btn elementor-share-btn_email\" role=\"button\" tabindex=\"0\" aria-label=\"Partager par e-mail\">\n\t\t\t\t\t\t\t\t\t\t\t\t\t\t\t<span class=\"elementor-share-btn__icon\">\n\t\t\t\t\t\t\t\t<i class=\"fas fa-envelope\" aria-hidden=\"true\"><\/i>\t\t\t\t\t\t\t<\/span>\n\t\t\t\t\t\t\t\t\t\t\t\t\t\t\t\t\t\t\t\t\t\t<div class=\"elementor-share-btn__text\">\n\t\t\t\t\t\t\t\t\t\t\t\t\t\t\t\t\t\t\t<span class=\"elementor-share-btn__title\">\n\t\t\t\t\t\t\t\t\t\tCourriel\t\t\t\t\t\t\t\t\t<\/span>\n\t\t\t\t\t\t\t\t\t\t\t\t\t\t\t\t\t<\/div>\n\t\t\t\t\t\t\t\t\t\t\t\t\t<\/div>\n\t\t\t\t\t<\/div>\n\t\t\t\t\t\t<\/div>\n\t\t\t\t\t\t<\/div>\n\t\t\t\t<\/div>\n\t\t\t\t\t<\/div>\n\t\t<\/div>\n\t\t\t\t\t<\/div>\n\t\t<\/section>\n\t\t\t\t<\/div>","protected":false},"excerpt":{"rendered":"<p>MentorAbility Canada Hub Highlight Series Every month, MentorAbility Canada proudly presents one of our implementing partners. They are the MentorAbility coordinators\u2014the backstage workers who quietly go about their tasks to [&hellip;]<\/p>\n","protected":false},"author":269,"featured_media":0,"comment_status":"closed","ping_status":"closed","sticky":false,"template":"","format":"standard","meta":{"_acf_changed":false,"footnotes":""},"categories":[1],"tags":[],"class_list":["post-59881","post","type-post","status-publish","format-standard","hentry","category-uncategorized"],"acf":[],"_links":{"self":[{"href":"https:\/\/www.supportedemployment.ca\/fr\/wp-json\/wp\/v2\/posts\/59881","targetHints":{"allow":["GET"]}}],"collection":[{"href":"https:\/\/www.supportedemployment.ca\/fr\/wp-json\/wp\/v2\/posts"}],"about":[{"href":"https:\/\/www.supportedemployment.ca\/fr\/wp-json\/wp\/v2\/types\/post"}],"author":[{"embeddable":true,"href":"https:\/\/www.supportedemployment.ca\/fr\/wp-json\/wp\/v2\/users\/269"}],"replies":[{"embeddable":true,"href":"https:\/\/www.supportedemployment.ca\/fr\/wp-json\/wp\/v2\/comments?post=59881"}],"version-history":[{"count":0,"href":"https:\/\/www.supportedemployment.ca\/fr\/wp-json\/wp\/v2\/posts\/59881\/revisions"}],"wp:attachment":[{"href":"https:\/\/www.supportedemployment.ca\/fr\/wp-json\/wp\/v2\/media?parent=59881"}],"wp:term":[{"taxonomy":"category","embeddable":true,"href":"https:\/\/www.supportedemployment.ca\/fr\/wp-json\/wp\/v2\/categories?post=59881"},{"taxonomy":"post_tag","embeddable":true,"href":"https:\/\/www.supportedemployment.ca\/fr\/wp-json\/wp\/v2\/tags?post=59881"}],"curies":[{"name":"wp","href":"https:\/\/api.w.org\/{rel}","templated":true}]}}