{"id":59402,"date":"2024-12-06T11:03:41","date_gmt":"2024-12-06T16:03:41","guid":{"rendered":"https:\/\/www.supportedemployment.ca\/?p=59402"},"modified":"2024-12-06T13:18:22","modified_gmt":"2024-12-06T18:18:22","slug":"creating-opportunities-through-professional-development","status":"publish","type":"post","link":"https:\/\/www.supportedemployment.ca\/fr\/creating-opportunities-through-professional-development\/","title":{"rendered":"Cr\u00e9er des opportunit\u00e9s gr\u00e2ce au d\u00e9veloppement professionnel"},"content":{"rendered":"<div data-elementor-type=\"wp-post\" data-elementor-id=\"59402\" class=\"elementor elementor-59402\" data-elementor-post-type=\"post\">\n\t\t\t\t\t\t<section class=\"elementor-section elementor-top-section elementor-element elementor-element-3e406b1 elementor-section-boxed elementor-section-height-default elementor-section-height-default\" data-id=\"3e406b1\" data-element_type=\"section\" data-e-type=\"section\">\n\t\t\t\t\t\t<div class=\"elementor-container elementor-column-gap-default\">\n\t\t\t\t\t<div class=\"elementor-column elementor-col-100 elementor-top-column elementor-element elementor-element-574c99c\" data-id=\"574c99c\" data-element_type=\"column\" data-e-type=\"column\">\n\t\t\t<div class=\"elementor-widget-wrap elementor-element-populated\">\n\t\t\t\t\t\t<div class=\"elementor-element elementor-element-28c8a89 elementor-widget elementor-widget-heading\" data-id=\"28c8a89\" data-element_type=\"widget\" data-e-type=\"widget\" data-widget_type=\"heading.default\">\n\t\t\t\t<div class=\"elementor-widget-container\">\n\t\t\t\t\t<h1 class=\"elementor-heading-title elementor-size-default\">Cr\u00e9er des opportunit\u00e9s gr\u00e2ce au d\u00e9veloppement professionnel<\/h1>\t\t\t\t<\/div>\n\t\t\t\t<\/div>\n\t\t\t\t\t<\/div>\n\t\t<\/div>\n\t\t\t\t\t<\/div>\n\t\t<\/section>\n\t\t\t\t<section class=\"elementor-section elementor-top-section elementor-element elementor-element-bf3580f elementor-section-boxed elementor-section-height-default elementor-section-height-default\" data-id=\"bf3580f\" data-element_type=\"section\" data-e-type=\"section\">\n\t\t\t\t\t\t<div class=\"elementor-container elementor-column-gap-default\">\n\t\t\t\t\t<div class=\"elementor-column elementor-col-100 elementor-top-column elementor-element elementor-element-204e706\" data-id=\"204e706\" data-element_type=\"column\" data-e-type=\"column\" data-settings=\"{&quot;background_background&quot;:&quot;classic&quot;}\">\n\t\t\t<div class=\"elementor-widget-wrap elementor-element-populated\">\n\t\t\t\t\t\t<div class=\"elementor-element elementor-element-3d3fc2a elementor-widget elementor-widget-heading\" data-id=\"3d3fc2a\" data-element_type=\"widget\" data-e-type=\"widget\" data-widget_type=\"heading.default\">\n\t\t\t\t<div class=\"elementor-widget-container\">\n\t\t\t\t\t<h5 class=\"elementor-heading-title elementor-size-default\">\u201c J\u2019ai l\u2019impression de pouvoir aborder les commerces avec plus d\u2019assurance qu\u2019avant. \u201d<\/h5>\t\t\t\t<\/div>\n\t\t\t\t<\/div>\n\t\t\t\t<div class=\"elementor-element elementor-element-c2fe29b elementor-widget elementor-widget-text-editor\" data-id=\"c2fe29b\" data-element_type=\"widget\" data-e-type=\"widget\" data-widget_type=\"text-editor.default\">\n\t\t\t\t<div class=\"elementor-widget-container\">\n\t\t\t\t\t\t\t\t\t<p>Amanda Purdy, responsable des entreprises sociales chez Sunset Community\u00a0<span style=\"color: var( --e-global-color-text );\">et r\u00e9cemment dipl\u00f4m\u00e9 du programme Le d\u00e9veloppement de l&#039;emploi ACSE<\/span><\/p>\t\t\t\t\t\t\t\t<\/div>\n\t\t\t\t<\/div>\n\t\t\t\t\t<\/div>\n\t\t<\/div>\n\t\t\t\t\t<\/div>\n\t\t<\/section>\n\t\t\t\t<section class=\"elementor-section elementor-top-section elementor-element elementor-element-cf9dcfe elementor-section-boxed elementor-section-height-default elementor-section-height-default\" data-id=\"cf9dcfe\" data-element_type=\"section\" data-e-type=\"section\">\n\t\t\t\t\t\t<div class=\"elementor-container elementor-column-gap-default\">\n\t\t\t\t\t<div class=\"elementor-column elementor-col-100 elementor-top-column elementor-element elementor-element-606793b\" data-id=\"606793b\" data-element_type=\"column\" data-e-type=\"column\">\n\t\t\t<div class=\"elementor-widget-wrap elementor-element-populated\">\n\t\t\t\t\t\t<div class=\"elementor-element elementor-element-8ec9910 elementor-widget elementor-widget-text-editor\" data-id=\"8ec9910\" data-element_type=\"widget\" data-e-type=\"widget\" data-widget_type=\"text-editor.default\">\n\t\t\t\t<div class=\"elementor-widget-container\">\n\t\t\t\t\t\t\t\t\t<p>Les sp\u00e9cialistes du d\u00e9veloppement de carri\u00e8re comprennent mieux que quiconque la valeur du perfectionnement professionnel. Ils savent que ce dernier joue un r\u00f4le essentiel dans l&#039;avancement de carri\u00e8re et pour rester au fait des tendances du march\u00e9 du travail et des meilleures pratiques \u00e9mergentes.\u00a0<\/p><p>Bien que la plupart des professionnels soient ouverts \u00e0 de nouveaux apprentissages, il peut s&#039;av\u00e9rer difficile de trouver des informations pertinentes, de les assimiler dans un d\u00e9lai raisonnable et de les mettre en pratique.\u00a0<\/p>\t\t\t\t\t\t\t\t<\/div>\n\t\t\t\t<\/div>\n\t\t\t\t\t<\/div>\n\t\t<\/div>\n\t\t\t\t\t<\/div>\n\t\t<\/section>\n\t\t\t\t<section class=\"elementor-section elementor-top-section elementor-element elementor-element-f5eb775 elementor-section-boxed elementor-section-height-default elementor-section-height-default\" data-id=\"f5eb775\" data-element_type=\"section\" data-e-type=\"section\">\n\t\t\t\t\t\t<div class=\"elementor-container elementor-column-gap-default\">\n\t\t\t\t\t<div class=\"elementor-column elementor-col-100 elementor-top-column elementor-element elementor-element-a4471c7\" data-id=\"a4471c7\" data-element_type=\"column\" data-e-type=\"column\">\n\t\t\t<div class=\"elementor-widget-wrap elementor-element-populated\">\n\t\t\t\t\t\t<div class=\"elementor-element elementor-element-ff2fb3c elementor-widget elementor-widget-heading\" data-id=\"ff2fb3c\" data-element_type=\"widget\" data-e-type=\"widget\" data-widget_type=\"heading.default\">\n\t\t\t\t<div class=\"elementor-widget-container\">\n\t\t\t\t\t<h3 class=\"elementor-heading-title elementor-size-default\">Commodit\u00e9 et pertinence des microcertifications<\/h3>\t\t\t\t<\/div>\n\t\t\t\t<\/div>\n\t\t\t\t<div class=\"elementor-element elementor-element-36a4f4f elementor-widget elementor-widget-text-editor\" data-id=\"36a4f4f\" data-element_type=\"widget\" data-e-type=\"widget\" data-widget_type=\"text-editor.default\">\n\t\t\t\t<div class=\"elementor-widget-container\">\n\t\t\t\t\t\t\t\t\t<p>C\u2019est l\u00e0 qu\u2019intervient la microcertification. Les microcertifications attestent des comp\u00e9tences hautement recherch\u00e9es des professionnels, acquises gr\u00e2ce \u00e0 des cours ou des programmes cibl\u00e9s.\u00a0<\/p><p>Les microcertifications v\u00e9rifiables offertes par l\u2019 Association canadienne de soutien \u00e0 l&#039;emploi (ACSE) sont conformes au Cadre de comp\u00e9tences des professionnels du d\u00e9veloppement de carri\u00e8re et visent \u00e0 favoriser l\u2019inclusion des personnes handicap\u00e9es au sein de notre march\u00e9 du travail. De nombreux programmes et cours explorent \u00e9galement des strat\u00e9gies fond\u00e9es sur des donn\u00e9es probantes pour d\u00e9velopper une approche intersectionnelle du soutien aux clients qui vivent une situation de handicap et qui peuvent \u00e9galement avoir d\u2019autres identit\u00e9s.\u00a0\u00a0<\/p>\t\t\t\t\t\t\t\t<\/div>\n\t\t\t\t<\/div>\n\t\t\t\t<div class=\"elementor-element elementor-element-f0715d8 elementor-widget elementor-widget-text-editor\" data-id=\"f0715d8\" data-element_type=\"widget\" data-e-type=\"widget\" data-widget_type=\"text-editor.default\">\n\t\t\t\t<div class=\"elementor-widget-container\">\n\t\t\t\t\t\t\t\t\t<p>ESTUI <a style=\"background-color: #ffffff;\" href=\"https:\/\/www.supportedemployment.ca\/fr\/training-and-events\/\" target=\"_blank\" rel=\"noopener\">programmes de certificat et cours compl\u00e9mentaires<\/a> sont con\u00e7ues pour se concentrer sur les d\u00e9fis actuels auxquels les professionnels de l&#039;emploi sont confront\u00e9s dans leur travail quotidien.\u00a0<\/p>\t\t\t\t\t\t\t\t<\/div>\n\t\t\t\t<\/div>\n\t\t\t\t<div class=\"elementor-element elementor-element-76a8948 elementor-widget elementor-widget-text-editor\" data-id=\"76a8948\" data-element_type=\"widget\" data-e-type=\"widget\" data-widget_type=\"text-editor.default\">\n\t\t\t\t<div class=\"elementor-widget-container\">\n\t\t\t\t\t\t\t\t\t<p>Amanda Purdy, r\u00e9cemment dipl\u00f4m\u00e9e du programme de certificat Le d\u00e9veloppement de l&#039;emploi du ACSE , a partag\u00e9 certains des d\u00e9fis auxquels son organisme est confront\u00e9. \u201c Nous sommes en pleine r\u00e9gion rurale, dans le comt\u00e9 de Cumberland, en Nouvelle-\u00c9cosse. L&#039;emploi accompagn\u00e9 n&#039;est pas encore bien per\u00e7u par les entreprises locales. Elles ne savent pas exactement de quoi il s&#039;agit et le terme suscite une certaine appr\u00e9hension. Il nous reste donc du travail \u00e0 faire. \u201d<\/p>\t\t\t\t\t\t\t\t<\/div>\n\t\t\t\t<\/div>\n\t\t\t\t\t<\/div>\n\t\t<\/div>\n\t\t\t\t\t<\/div>\n\t\t<\/section>\n\t\t\t\t<section class=\"elementor-section elementor-top-section elementor-element elementor-element-5d01955 elementor-section-boxed elementor-section-height-default elementor-section-height-default\" data-id=\"5d01955\" data-element_type=\"section\" data-e-type=\"section\">\n\t\t\t\t\t\t<div class=\"elementor-container elementor-column-gap-default\">\n\t\t\t\t\t<div class=\"elementor-column elementor-col-100 elementor-top-column elementor-element elementor-element-7fdc669\" data-id=\"7fdc669\" data-element_type=\"column\" data-e-type=\"column\">\n\t\t\t<div class=\"elementor-widget-wrap elementor-element-populated\">\n\t\t\t\t\t\t<div class=\"elementor-element elementor-element-22f4b8c elementor-widget elementor-widget-heading\" data-id=\"22f4b8c\" data-element_type=\"widget\" data-e-type=\"widget\" data-widget_type=\"heading.default\">\n\t\t\t\t<div class=\"elementor-widget-container\">\n\t\t\t\t\t<h3 class=\"elementor-heading-title elementor-size-default\">Comprendre la perspective commerciale<\/h3>\t\t\t\t<\/div>\n\t\t\t\t<\/div>\n\t\t\t\t<div class=\"elementor-element elementor-element-aa4dc83 elementor-widget elementor-widget-text-editor\" data-id=\"aa4dc83\" data-element_type=\"widget\" data-e-type=\"widget\" data-widget_type=\"text-editor.default\">\n\t\t\t\t<div class=\"elementor-widget-container\">\n\t\t\t\t\t\t\t\t\t<p>C\u2019est pr\u00e9cis\u00e9ment ce \u201c travail \u201d qui a incit\u00e9 Amanda \u00e0 choisir le<a href=\"https:\/\/www.supportedemployment.ca\/fr\/training-and-events\/certificate-programs\/job-development\/\"> programme de certificat Le d\u00e9veloppement de l&#039;emploi<\/a>, Ce programme vise \u00e0 perfectionner les comp\u00e9tences en marketing et en r\u00e9seautage. Interrog\u00e9e sur le principal enseignement qu&#039;elle en a tir\u00e9, Amanda a indiqu\u00e9 qu&#039;il l&#039;avait aid\u00e9e \u00e0 aborder son travail sous un angle plus professionnel.<\/p>\t\t\t\t\t\t\t\t<\/div>\n\t\t\t\t<\/div>\n\t\t\t\t\t<\/div>\n\t\t<\/div>\n\t\t\t\t\t<\/div>\n\t\t<\/section>\n\t\t\t\t<section class=\"elementor-section elementor-top-section elementor-element elementor-element-f10696e elementor-section-boxed elementor-section-height-default elementor-section-height-default\" data-id=\"f10696e\" data-element_type=\"section\" data-e-type=\"section\">\n\t\t\t\t\t\t<div class=\"elementor-container elementor-column-gap-default\">\n\t\t\t\t\t<div class=\"elementor-column elementor-col-100 elementor-top-column elementor-element elementor-element-c8db168\" data-id=\"c8db168\" data-element_type=\"column\" data-e-type=\"column\" data-settings=\"{&quot;background_background&quot;:&quot;classic&quot;}\">\n\t\t\t<div class=\"elementor-widget-wrap elementor-element-populated\">\n\t\t\t\t\t\t<div class=\"elementor-element elementor-element-7656d49 elementor-widget elementor-widget-heading\" data-id=\"7656d49\" data-element_type=\"widget\" data-e-type=\"widget\" data-widget_type=\"heading.default\">\n\t\t\t\t<div class=\"elementor-widget-container\">\n\t\t\t\t\t<h5 class=\"elementor-heading-title elementor-size-default\">\u201c\u00a0Beaucoup, en effet. Je travaille dans ce domaine depuis 19 ans. J&#039;ai toujours souhait\u00e9 que les personne que nous accompagnons aient le choix dans leurs prises de d\u00e9cision et une autonomie dans leurs actions. J&#039;ai toujours abord\u00e9 la question du point de vue du chercheur d&#039;emploi. Je ne l&#039;ai jamais consid\u00e9r\u00e9e sous un angle commercial.\u00a0\u00bb. <br><br>\u201c Gr\u00e2ce \u00e0 cette formation, j&#039;ai appris une approche totalement diff\u00e9rente\u00a0: il s&#039;agit de comprendre les besoins de l&#039;entreprise et les domaines o\u00f9 les employeurs peuvent avoir besoin de soutien, et d&#039;adopter cette perspective pour trouver la solution id\u00e9ale. \u201d<\/h5>\t\t\t\t<\/div>\n\t\t\t\t<\/div>\n\t\t\t\t\t<\/div>\n\t\t<\/div>\n\t\t\t\t\t<\/div>\n\t\t<\/section>\n\t\t\t\t<section class=\"elementor-section elementor-top-section elementor-element elementor-element-e93b186 elementor-section-boxed elementor-section-height-default elementor-section-height-default\" data-id=\"e93b186\" data-element_type=\"section\" data-e-type=\"section\">\n\t\t\t\t\t\t<div class=\"elementor-container elementor-column-gap-default\">\n\t\t\t\t\t<div class=\"elementor-column elementor-col-100 elementor-top-column elementor-element elementor-element-940d94c\" data-id=\"940d94c\" data-element_type=\"column\" data-e-type=\"column\">\n\t\t\t<div class=\"elementor-widget-wrap elementor-element-populated\">\n\t\t\t\t\t\t<div class=\"elementor-element elementor-element-4f84e56 elementor-widget elementor-widget-heading\" data-id=\"4f84e56\" data-element_type=\"widget\" data-e-type=\"widget\" data-widget_type=\"heading.default\">\n\t\t\t\t<div class=\"elementor-widget-container\">\n\t\t\t\t\t<h3 class=\"elementor-heading-title elementor-size-default\">L&#039;apprentissage pratique am\u00e9liore le travail<\/h3>\t\t\t\t<\/div>\n\t\t\t\t<\/div>\n\t\t\t\t<div class=\"elementor-element elementor-element-a4124e9 elementor-widget elementor-widget-text-editor\" data-id=\"a4124e9\" data-element_type=\"widget\" data-e-type=\"widget\" data-widget_type=\"text-editor.default\">\n\t\t\t\t<div class=\"elementor-widget-container\">\n\t\t\t\t\t\t\t\t\t<p>Amanda a soulign\u00e9 que le programme fournissait non seulement des informations pertinentes, mais aussi des strat\u00e9gies qui se traduisaient par des actions concr\u00e8tes.\u00a0<\/p>\t\t\t\t\t\t\t\t<\/div>\n\t\t\t\t<\/div>\n\t\t\t\t\t<\/div>\n\t\t<\/div>\n\t\t\t\t\t<\/div>\n\t\t<\/section>\n\t\t\t\t<section class=\"elementor-section elementor-top-section elementor-element elementor-element-cc2243a elementor-section-boxed elementor-section-height-default elementor-section-height-default\" data-id=\"cc2243a\" data-element_type=\"section\" data-e-type=\"section\">\n\t\t\t\t\t\t<div class=\"elementor-container elementor-column-gap-default\">\n\t\t\t\t\t<div class=\"elementor-column elementor-col-100 elementor-top-column elementor-element elementor-element-ac00abd\" data-id=\"ac00abd\" data-element_type=\"column\" data-e-type=\"column\" data-settings=\"{&quot;background_background&quot;:&quot;classic&quot;}\">\n\t\t\t<div class=\"elementor-widget-wrap elementor-element-populated\">\n\t\t\t\t\t\t<div class=\"elementor-element elementor-element-d51fd56 elementor-widget elementor-widget-heading\" data-id=\"d51fd56\" data-element_type=\"widget\" data-e-type=\"widget\" data-widget_type=\"heading.default\">\n\t\t\t\t<div class=\"elementor-widget-container\">\n\t\t\t\t\t<h5 class=\"elementor-heading-title elementor-size-default\">\u201c Depuis que nous avons suivi cette formation, nous avons \u00e9tabli un partenariat avec notre Chambre de commerce locale. Nous organisons maintenant un \u00e9v\u00e9nement important au printemps, intitul\u00e9 \u201d\u00a0Dynamiser Cumberland\u00a0\u00bb. La Chambre de commerce s&#039;est associ\u00e9e \u00e0 nous pour mobiliser d&#039;autres entreprises locales, et nous en faisons la promotion afin de susciter le dialogue au sein de notre communaut\u00e9. \u00bb  <\/h5>\t\t\t\t<\/div>\n\t\t\t\t<\/div>\n\t\t\t\t\t<\/div>\n\t\t<\/div>\n\t\t\t\t\t<\/div>\n\t\t<\/section>\n\t\t\t\t<section class=\"elementor-section elementor-top-section elementor-element elementor-element-7964829 elementor-section-boxed elementor-section-height-default elementor-section-height-default\" data-id=\"7964829\" data-element_type=\"section\" data-e-type=\"section\">\n\t\t\t\t\t\t<div class=\"elementor-container elementor-column-gap-default\">\n\t\t\t\t\t<div class=\"elementor-column elementor-col-100 elementor-top-column elementor-element elementor-element-6dab3d2\" data-id=\"6dab3d2\" data-element_type=\"column\" data-e-type=\"column\">\n\t\t\t<div class=\"elementor-widget-wrap elementor-element-populated\">\n\t\t\t\t\t\t<div class=\"elementor-element elementor-element-e9557f9 elementor-widget elementor-widget-heading\" data-id=\"e9557f9\" data-element_type=\"widget\" data-e-type=\"widget\" data-widget_type=\"heading.default\">\n\t\t\t\t<div class=\"elementor-widget-container\">\n\t\t\t\t\t<h3 class=\"elementor-heading-title elementor-size-default\">Apprendre avec d&#039;autres professionnels partout au Canada <\/h3>\t\t\t\t<\/div>\n\t\t\t\t<\/div>\n\t\t\t\t\t<\/div>\n\t\t<\/div>\n\t\t\t\t\t<\/div>\n\t\t<\/section>\n\t\t\t\t<section class=\"elementor-section elementor-top-section elementor-element elementor-element-5b29482 elementor-section-boxed elementor-section-height-default elementor-section-height-default\" data-id=\"5b29482\" data-element_type=\"section\" data-e-type=\"section\">\n\t\t\t\t\t\t<div class=\"elementor-container elementor-column-gap-default\">\n\t\t\t\t\t<div class=\"elementor-column elementor-col-50 elementor-top-column elementor-element elementor-element-cb12c46\" data-id=\"cb12c46\" data-element_type=\"column\" data-e-type=\"column\">\n\t\t\t<div class=\"elementor-widget-wrap elementor-element-populated\">\n\t\t\t\t\t\t<div class=\"elementor-element elementor-element-96b3363 elementor-widget elementor-widget-text-editor\" data-id=\"96b3363\" data-element_type=\"widget\" data-e-type=\"widget\" data-widget_type=\"text-editor.default\">\n\t\t\t\t<div class=\"elementor-widget-container\">\n\t\t\t\t\t\t\t\t\t<p>Amanda recommande le programme Le d\u00e9veloppement de l&#039;emploi \u00e0 tous les professionnels du d\u00e9veloppement de carri\u00e8re qui souhaitent perfectionner leurs comp\u00e9tences et partager et apprendre des autres professionnels de partout au pays.\u00a0<\/p>\t\t\t\t\t\t\t\t<\/div>\n\t\t\t\t<\/div>\n\t\t\t\t<div class=\"elementor-element elementor-element-cfb54a4 elementor-widget elementor-widget-heading\" data-id=\"cfb54a4\" data-element_type=\"widget\" data-e-type=\"widget\" data-widget_type=\"heading.default\">\n\t\t\t\t<div class=\"elementor-widget-container\">\n\t\t\t\t\t<h5 class=\"elementor-heading-title elementor-size-default\">\u201c Les ressources, les liens, les exemples et les exercices de formation \u00e9taient tous parfaitement adapt\u00e9s. On commence \u00e0 se sentir plus \u00e0 l&#039;aise, puis on s&#039;entra\u00eene \u00e0 la prospection t\u00e9l\u00e9phonique et on apprend \u00e0 suivre les communications avec les employeurs. \u00bb. <br><br>\u201c J\u2019ai vraiment int\u00e9gr\u00e9 toutes ces informations \u00e0 ce que nous faisons \u2013 des informations provenant d\u2019experts et d\u2019autres coll\u00e8gues de diff\u00e9rentes r\u00e9gions du Canada. \u201d<\/h5>\t\t\t\t<\/div>\n\t\t\t\t<\/div>\n\t\t\t\t\t<\/div>\n\t\t<\/div>\n\t\t\t\t<div class=\"elementor-column elementor-col-50 elementor-top-column elementor-element elementor-element-7d35b9e\" data-id=\"7d35b9e\" data-element_type=\"column\" data-e-type=\"column\">\n\t\t\t<div class=\"elementor-widget-wrap elementor-element-populated\">\n\t\t\t\t\t\t<div class=\"elementor-element elementor-element-d8c6ab5 elementor-widget elementor-widget-image\" data-id=\"d8c6ab5\" data-element_type=\"widget\" data-e-type=\"widget\" data-widget_type=\"image.default\">\n\t\t\t\t<div class=\"elementor-widget-container\">\n\t\t\t\t\t\t\t\t\t\t\t\t\t\t\t<img decoding=\"async\" src=\"https:\/\/www.supportedemployment.ca\/wp-content\/uploads\/elementor\/thumbs\/chris-montgomery-smgTvepind4-unsplash-smaller-qb0a67vfbm5jbc71tubzaop5v93jnxiz423i3waqbc.jpg\" title=\"chris-montgomery-smgTvepind4-unsplash plus petit\" alt=\"A mug is beside a laptop in someone&apos;s home. Faces fill the laptop screen.\" loading=\"lazy\" \/>\t\t\t\t\t\t\t\t\t\t\t\t\t\t\t<\/div>\n\t\t\t\t<\/div>\n\t\t\t\t<div class=\"elementor-element elementor-element-627473b elementor-widget elementor-widget-text-editor\" data-id=\"627473b\" data-element_type=\"widget\" data-e-type=\"widget\" data-widget_type=\"text-editor.default\">\n\t\t\t\t<div class=\"elementor-widget-container\">\n\t\t\t\t\t\t\t\t\t<p>Cr\u00e9dit\u00a0: Chris Montgomery via Unsplash<\/p>\t\t\t\t\t\t\t\t<\/div>\n\t\t\t\t<\/div>\n\t\t\t\t\t<\/div>\n\t\t<\/div>\n\t\t\t\t\t<\/div>\n\t\t<\/section>\n\t\t\t\t<section class=\"elementor-section elementor-top-section elementor-element elementor-element-68d966e elementor-section-boxed elementor-section-height-default elementor-section-height-default\" data-id=\"68d966e\" data-element_type=\"section\" data-e-type=\"section\">\n\t\t\t\t\t\t<div class=\"elementor-container elementor-column-gap-default\">\n\t\t\t\t\t<div class=\"elementor-column elementor-col-100 elementor-top-column elementor-element elementor-element-2d453d4\" data-id=\"2d453d4\" data-element_type=\"column\" data-e-type=\"column\">\n\t\t\t<div class=\"elementor-widget-wrap elementor-element-populated\">\n\t\t\t\t\t\t<div class=\"elementor-element elementor-element-6c8ed5f elementor-widget elementor-widget-text-editor\" data-id=\"6c8ed5f\" data-element_type=\"widget\" data-e-type=\"widget\" data-widget_type=\"text-editor.default\">\n\t\t\t\t<div class=\"elementor-widget-container\">\n\t\t\t\t\t\t\t\t\t<p>Si, comme Amanda, vous souhaitez entreprendre un parcours transformateur d&#039;apprentissage, de pratique et de r\u00e9seautage, parcourez\u00a0<a href=\"https:\/\/www.supportedemployment.ca\/fr\/training-and-events\/certificate-programs\/\" target=\"_blank\" rel=\"noopener\">notre catalogue de programmes\u00a0<\/a>Pour en savoir plus.<\/p>\t\t\t\t\t\t\t\t<\/div>\n\t\t\t\t<\/div>\n\t\t\t\t\t<\/div>\n\t\t<\/div>\n\t\t\t\t\t<\/div>\n\t\t<\/section>\n\t\t\t\t<\/div>","protected":false},"excerpt":{"rendered":"<p>Creating Opportunities through Professional Development \u201cI feel like I can walk up to businesses more confidently than I did before.\u201d Amanda Purdy, Manager of Social Enterprises at Sunset Community\u00a0and recent [&hellip;]<\/p>\n","protected":false},"author":269,"featured_media":0,"comment_status":"closed","ping_status":"closed","sticky":false,"template":"","format":"standard","meta":{"_acf_changed":false,"footnotes":""},"categories":[1],"tags":[],"class_list":["post-59402","post","type-post","status-publish","format-standard","hentry","category-uncategorized"],"acf":[],"_links":{"self":[{"href":"https:\/\/www.supportedemployment.ca\/fr\/wp-json\/wp\/v2\/posts\/59402","targetHints":{"allow":["GET"]}}],"collection":[{"href":"https:\/\/www.supportedemployment.ca\/fr\/wp-json\/wp\/v2\/posts"}],"about":[{"href":"https:\/\/www.supportedemployment.ca\/fr\/wp-json\/wp\/v2\/types\/post"}],"author":[{"embeddable":true,"href":"https:\/\/www.supportedemployment.ca\/fr\/wp-json\/wp\/v2\/users\/269"}],"replies":[{"embeddable":true,"href":"https:\/\/www.supportedemployment.ca\/fr\/wp-json\/wp\/v2\/comments?post=59402"}],"version-history":[{"count":0,"href":"https:\/\/www.supportedemployment.ca\/fr\/wp-json\/wp\/v2\/posts\/59402\/revisions"}],"wp:attachment":[{"href":"https:\/\/www.supportedemployment.ca\/fr\/wp-json\/wp\/v2\/media?parent=59402"}],"wp:term":[{"taxonomy":"category","embeddable":true,"href":"https:\/\/www.supportedemployment.ca\/fr\/wp-json\/wp\/v2\/categories?post=59402"},{"taxonomy":"post_tag","embeddable":true,"href":"https:\/\/www.supportedemployment.ca\/fr\/wp-json\/wp\/v2\/tags?post=59402"}],"curies":[{"name":"wp","href":"https:\/\/api.w.org\/{rel}","templated":true}]}}