{"id":58942,"date":"2024-10-01T14:48:47","date_gmt":"2024-10-01T18:48:47","guid":{"rendered":"https:\/\/www.supportedemployment.ca\/?p=58942"},"modified":"2024-10-02T14:26:05","modified_gmt":"2024-10-02T18:26:05","slug":"nous-celebrons-1-000-mentorats-mentorhabiletes","status":"publish","type":"post","link":"https:\/\/www.supportedemployment.ca\/fr\/nous-celebrons-1-000-mentorats-mentorhabiletes\/","title":{"rendered":"Nous c\u00e9l\u00e9brons 1 000 mentorats MentorHabilet\u00e9s"},"content":{"rendered":"<div data-elementor-type=\"wp-post\" data-elementor-id=\"58942\" class=\"elementor elementor-58942\" data-elementor-post-type=\"post\">\n\t\t\t\t\t\t<section class=\"elementor-section elementor-top-section elementor-element elementor-element-aa04fd9 elementor-section-boxed elementor-section-height-default elementor-section-height-default\" data-id=\"aa04fd9\" data-element_type=\"section\" data-e-type=\"section\">\n\t\t\t\t\t\t<div class=\"elementor-container elementor-column-gap-default\">\n\t\t\t\t\t<div class=\"elementor-column elementor-col-100 elementor-top-column elementor-element elementor-element-7217228\" data-id=\"7217228\" data-element_type=\"column\" data-e-type=\"column\">\n\t\t\t<div class=\"elementor-widget-wrap elementor-element-populated\">\n\t\t\t\t\t\t<div class=\"elementor-element elementor-element-684b096 elementor-widget elementor-widget-image\" data-id=\"684b096\" data-element_type=\"widget\" data-e-type=\"widget\" data-widget_type=\"image.default\">\n\t\t\t\t<div class=\"elementor-widget-container\">\n\t\t\t\t\t\t\t\t\t\t\t\t\t\t\t<img fetchpriority=\"high\" decoding=\"async\" width=\"2560\" height=\"853\" src=\"https:\/\/www.supportedemployment.ca\/wp-content\/uploads\/2024\/10\/1K-MentorAbility-Mentorships-FR-scaled.jpg\" class=\"attachment-full size-full wp-image-58962\" alt=\"MentorHabilet\u00e9s Canada. Nous c\u00e9l\u00e9brons 1 000 mentorats MentorHabilet\u00e9s!\" srcset=\"https:\/\/www.supportedemployment.ca\/wp-content\/uploads\/2024\/10\/1K-MentorAbility-Mentorships-FR-scaled.jpg 2560w, https:\/\/www.supportedemployment.ca\/wp-content\/uploads\/2024\/10\/1K-MentorAbility-Mentorships-FR-300x100.jpg 300w, https:\/\/www.supportedemployment.ca\/wp-content\/uploads\/2024\/10\/1K-MentorAbility-Mentorships-FR-1024x341.jpg 1024w, https:\/\/www.supportedemployment.ca\/wp-content\/uploads\/2024\/10\/1K-MentorAbility-Mentorships-FR-768x256.jpg 768w, https:\/\/www.supportedemployment.ca\/wp-content\/uploads\/2024\/10\/1K-MentorAbility-Mentorships-FR-1536x512.jpg 1536w, https:\/\/www.supportedemployment.ca\/wp-content\/uploads\/2024\/10\/1K-MentorAbility-Mentorships-FR-2048x683.jpg 2048w, https:\/\/www.supportedemployment.ca\/wp-content\/uploads\/2024\/10\/1K-MentorAbility-Mentorships-FR-600x200.jpg 600w\" sizes=\"(max-width: 2560px) 100vw, 2560px\" \/>\t\t\t\t\t\t\t\t\t\t\t\t\t\t\t<\/div>\n\t\t\t\t<\/div>\n\t\t\t\t\t<\/div>\n\t\t<\/div>\n\t\t\t\t\t<\/div>\n\t\t<\/section>\n\t\t\t\t<section class=\"elementor-section elementor-top-section elementor-element elementor-element-0456a55 elementor-section-boxed elementor-section-height-default elementor-section-height-default\" data-id=\"0456a55\" data-element_type=\"section\" data-e-type=\"section\">\n\t\t\t\t\t\t<div class=\"elementor-container elementor-column-gap-default\">\n\t\t\t\t\t<div class=\"elementor-column elementor-col-100 elementor-top-column elementor-element elementor-element-3fa33d9\" data-id=\"3fa33d9\" data-element_type=\"column\" data-e-type=\"column\">\n\t\t\t<div class=\"elementor-widget-wrap elementor-element-populated\">\n\t\t\t\t\t\t<div class=\"elementor-element elementor-element-e975151 elementor-widget elementor-widget-text-editor\" data-id=\"e975151\" data-element_type=\"widget\" data-e-type=\"widget\" data-widget_type=\"text-editor.default\">\n\t\t\t\t<div class=\"elementor-widget-container\">\n\t\t\t\t\t\t\t\t\t<p>Pour la version anglaise de cet article,&nbsp;<a href=\"https:\/\/www.supportedemployment.ca\/fr\/celebrating-1000-mentorability-mentorships\/\" target=\"_blank\">veuillez cliquer ici.&nbsp;<\/a>&nbsp;| Pour la version fran\u00e7aise de ce message,&nbsp;<a href=\"https:\/\/www.supportedemployment.ca\/fr\/celebrating-1000-mentorability-mentorships\/\" target=\"_blank\" style=\"font-family: var( --e-global-typography-text-font-family ), Sans-serif; font-size: var( --e-global-typography-text-font-size ); background-color: rgb(255, 255, 255);\">veuillez cliquer ici.<\/a><\/p>\t\t\t\t\t\t\t\t<\/div>\n\t\t\t\t<\/div>\n\t\t\t\t\t<\/div>\n\t\t<\/div>\n\t\t\t\t\t<\/div>\n\t\t<\/section>\n\t\t\t\t<section class=\"elementor-section elementor-top-section elementor-element elementor-element-1c6a6fd elementor-section-boxed elementor-section-height-default elementor-section-height-default\" data-id=\"1c6a6fd\" data-element_type=\"section\" data-e-type=\"section\">\n\t\t\t\t\t\t<div class=\"elementor-container elementor-column-gap-default\">\n\t\t\t\t\t<div class=\"elementor-column elementor-col-100 elementor-top-column elementor-element elementor-element-637c65c\" data-id=\"637c65c\" data-element_type=\"column\" data-e-type=\"column\">\n\t\t\t<div class=\"elementor-widget-wrap elementor-element-populated\">\n\t\t\t\t\t\t<div class=\"elementor-element elementor-element-1b534ec elementor-widget elementor-widget-heading\" data-id=\"1b534ec\" data-element_type=\"widget\" data-e-type=\"widget\" data-widget_type=\"heading.default\">\n\t\t\t\t<div class=\"elementor-widget-container\">\n\t\t\t\t\t<h3 class=\"elementor-heading-title elementor-size-default\">Tout a commenc\u00e9 avec la notion de conversations<\/h3>\t\t\t\t<\/div>\n\t\t\t\t<\/div>\n\t\t\t\t<div class=\"elementor-element elementor-element-d6815f5 elementor-widget elementor-widget-text-editor\" data-id=\"d6815f5\" data-element_type=\"widget\" data-e-type=\"widget\" data-widget_type=\"text-editor.default\">\n\t\t\t\t<div class=\"elementor-widget-container\">\n\t\t\t\t\t\t\t\t\t<p>En 2015, le conseil d&#039;administration de l&#039;ACSE \u00e9tait \u00e0 la recherche d&#039;une m\u00e9thode permettant d&#039;augmenter l&#039;engagement entre les personnes en situation de handicap \u00e0 la recherche d&#039;un emploi et les employeurs. Les membres du conseil d&#039;administration connaissaient le concept \u00e0 l&#039;origine de Ten Thousand Coffees qui permettait aux personnes en recherche d&#039;emploi d&#039;avoir des conversations informelles avec des d\u00e9cisionnaires dans un secteur en particulier et le trouver int\u00e9ressant.\u00a0<\/p><p>Le conseil d&#039;administration de l&#039;ACSE a donc commenc\u00e9 \u00e0 explorer ce concept dans le contexte du soutien \u00e0 l&#039;emploi \u00e0 l&#039;aide de projets pilotes en Colombie-Britannique et en Saskatchewan. Encourag\u00e9e par l&#039;impact de ces projets pilotes, l&#039;ACSE a sollicit\u00e9 et obtenu un financement du gouvernement du Canada par l&#039;interm\u00e9diaire du Fonds d&#039;int\u00e9gration pour les personnes handicap\u00e9es.<\/p>\t\t\t\t\t\t\t\t<\/div>\n\t\t\t\t<\/div>\n\t\t\t\t\t<\/div>\n\t\t<\/div>\n\t\t\t\t\t<\/div>\n\t\t<\/section>\n\t\t\t\t<section class=\"elementor-section elementor-top-section elementor-element elementor-element-5215956 elementor-section-boxed elementor-section-height-default elementor-section-height-default\" data-id=\"5215956\" data-element_type=\"section\" data-e-type=\"section\">\n\t\t\t\t\t\t<div class=\"elementor-container elementor-column-gap-default\">\n\t\t\t\t\t<div class=\"elementor-column elementor-col-50 elementor-top-column elementor-element elementor-element-ea888d1\" data-id=\"ea888d1\" data-element_type=\"column\" data-e-type=\"column\">\n\t\t\t<div class=\"elementor-widget-wrap elementor-element-populated\">\n\t\t\t\t\t\t<div class=\"elementor-element elementor-element-e4ed86b elementor-widget elementor-widget-heading\" data-id=\"e4ed86b\" data-element_type=\"widget\" data-e-type=\"widget\" data-widget_type=\"heading.default\">\n\t\t\t\t<div class=\"elementor-widget-container\">\n\t\t\t\t\t<h5 class=\"elementor-heading-title elementor-size-default\">L&#039;initiative MentorHabilet\u00e9s Canada a d\u00e9marr\u00e9 en 2019!<\/h5>\t\t\t\t<\/div>\n\t\t\t\t<\/div>\n\t\t\t\t<div class=\"elementor-element elementor-element-6c8d42c elementor-widget elementor-widget-text-editor\" data-id=\"6c8d42c\" data-element_type=\"widget\" data-e-type=\"widget\" data-widget_type=\"text-editor.default\">\n\t\t\t\t<div class=\"elementor-widget-container\">\n\t\t\t\t\t\t\t\t\t<p>Nous sommes actuellement dans la 2e phase de cette initiative nationale couronn\u00e9e de succ\u00e8s qui rassemble les personnes en recherche d&#039;emploi et les employeurs pour renforcer les connexions, la confiance et l&#039;inclusion en emploi.&nbsp;<\/p>\t\t\t\t\t\t\t\t<\/div>\n\t\t\t\t<\/div>\n\t\t\t\t\t<\/div>\n\t\t<\/div>\n\t\t\t\t<div class=\"elementor-column elementor-col-50 elementor-top-column elementor-element elementor-element-2aa3314\" data-id=\"2aa3314\" data-element_type=\"column\" data-e-type=\"column\">\n\t\t\t<div class=\"elementor-widget-wrap elementor-element-populated\">\n\t\t\t\t\t\t<div class=\"elementor-element elementor-element-1a1a2eb elementor-widget elementor-widget-button\" data-id=\"1a1a2eb\" data-element_type=\"widget\" data-e-type=\"widget\" data-widget_type=\"button.default\">\n\t\t\t\t<div class=\"elementor-widget-container\">\n\t\t\t\t\t\t\t\t\t<div class=\"elementor-button-wrapper\">\n\t\t\t\t\t<a class=\"elementor-button elementor-button-link elementor-size-sm\" href=\"https:\/\/www.supportedemployment.ca\/fr\/how-mentorability-began\/\" target=\"_blank\">\n\t\t\t\t\t\t<span class=\"elementor-button-content-wrapper\">\n\t\t\t\t\t\t\t\t\t<span class=\"elementor-button-text\">Vous trouverez de plus amples informations relatives aux origines de MentorHabilet\u00e9s sur le site Web de l&#039;ACSE.<\/span>\n\t\t\t\t\t<\/span>\n\t\t\t\t\t<\/a>\n\t\t\t\t<\/div>\n\t\t\t\t\t\t\t\t<\/div>\n\t\t\t\t<\/div>\n\t\t\t\t\t<\/div>\n\t\t<\/div>\n\t\t\t\t\t<\/div>\n\t\t<\/section>\n\t\t\t\t<section class=\"elementor-section elementor-top-section elementor-element elementor-element-a850d1b elementor-section-boxed elementor-section-height-default elementor-section-height-default\" data-id=\"a850d1b\" data-element_type=\"section\" data-e-type=\"section\">\n\t\t\t\t\t\t<div class=\"elementor-container elementor-column-gap-default\">\n\t\t\t\t\t<div class=\"elementor-column elementor-col-100 elementor-top-column elementor-element elementor-element-05d11b8\" data-id=\"05d11b8\" data-element_type=\"column\" data-e-type=\"column\">\n\t\t\t<div class=\"elementor-widget-wrap elementor-element-populated\">\n\t\t\t\t\t\t<div class=\"elementor-element elementor-element-ba0aec2 elementor-widget elementor-widget-heading\" data-id=\"ba0aec2\" data-element_type=\"widget\" data-e-type=\"widget\" data-widget_type=\"heading.default\">\n\t\t\t\t<div class=\"elementor-widget-container\">\n\t\t\t\t\t<h3 class=\"elementor-heading-title elementor-size-default\">Nous avons atteint 1 000 mentorats !<\/h3>\t\t\t\t<\/div>\n\t\t\t\t<\/div>\n\t\t\t\t<div class=\"elementor-element elementor-element-8825126 elementor-widget elementor-widget-text-editor\" data-id=\"8825126\" data-element_type=\"widget\" data-e-type=\"widget\" data-widget_type=\"text-editor.default\">\n\t\t\t\t<div class=\"elementor-widget-container\">\n\t\t\t\t\t\t\t\t\t<p>Ce mois d&#039;octobre, dans le cadre du Mois de la sensibilisation \u00e0 l&#039;emploi des personnes en situation de handicap, nous c\u00e9l\u00e9brons le 1 000e mentorat de MentorHabilet\u00e9s. Nous tenons \u00e0 vous raconter comment s&#039;est d\u00e9roul\u00e9e cette 1 000e exp\u00e9rience de mentorat survenue au printemps 2024, car elle int\u00e8gre tous les \u00e9l\u00e9ments que nous adorons dans MentorHabilet\u00e9s.\u00a0<\/p>\t\t\t\t\t\t\t\t<\/div>\n\t\t\t\t<\/div>\n\t\t\t\t\t<\/div>\n\t\t<\/div>\n\t\t\t\t\t<\/div>\n\t\t<\/section>\n\t\t\t\t<section class=\"elementor-section elementor-top-section elementor-element elementor-element-55089b7 elementor-section-boxed elementor-section-height-default elementor-section-height-default\" data-id=\"55089b7\" data-element_type=\"section\" data-e-type=\"section\">\n\t\t\t\t\t\t<div class=\"elementor-container elementor-column-gap-default\">\n\t\t\t\t\t<div class=\"elementor-column elementor-col-100 elementor-top-column elementor-element elementor-element-8b28924\" data-id=\"8b28924\" data-element_type=\"column\" data-e-type=\"column\" data-settings=\"{&quot;background_background&quot;:&quot;classic&quot;}\">\n\t\t\t<div class=\"elementor-widget-wrap elementor-element-populated\">\n\t\t\t\t\t\t<div class=\"elementor-element elementor-element-8409659 elementor-widget elementor-widget-heading\" data-id=\"8409659\" data-element_type=\"widget\" data-e-type=\"widget\" data-widget_type=\"heading.default\">\n\t\t\t\t<div class=\"elementor-widget-container\">\n\t\t\t\t\t<h3 class=\"elementor-heading-title elementor-size-default\">Tout sur le m\u00e9tier de plombier au Nouveau-Brunswick<\/h3>\t\t\t\t<\/div>\n\t\t\t\t<\/div>\n\t\t\t\t\t<\/div>\n\t\t<\/div>\n\t\t\t\t\t<\/div>\n\t\t<\/section>\n\t\t\t\t<section class=\"elementor-section elementor-top-section elementor-element elementor-element-18f3c61 elementor-section-boxed elementor-section-height-default elementor-section-height-default\" data-id=\"18f3c61\" data-element_type=\"section\" data-e-type=\"section\">\n\t\t\t\t\t\t<div class=\"elementor-container elementor-column-gap-default\">\n\t\t\t\t\t<div class=\"elementor-column elementor-col-50 elementor-top-column elementor-element elementor-element-2c22d14\" data-id=\"2c22d14\" data-element_type=\"column\" data-e-type=\"column\" data-settings=\"{&quot;background_background&quot;:&quot;classic&quot;}\">\n\t\t\t<div class=\"elementor-widget-wrap elementor-element-populated\">\n\t\t\t\t\t\t<div class=\"elementor-element elementor-element-80ca216 elementor-widget elementor-widget-text-editor\" data-id=\"80ca216\" data-element_type=\"widget\" data-e-type=\"widget\" data-widget_type=\"text-editor.default\">\n\t\t\t\t<div class=\"elementor-widget-container\">\n\t\t\t\t\t\t\t\t\t<p>L&#039;id\u00e9e de devenir plombier int\u00e9ressait Ryan et il souhaitait en savoir plus sur cette profession au Nouveau-Brunswick (NB). Il a rencontr\u00e9 une accompagnatrice de mentorat MentorHabilet\u00e9s dans un organisme de services d&#039;emploi local afin d&#039;explorer des possibilit\u00e9s de mentorat.<\/p><p>L&#039;accompagnatrice de mentorat a organis\u00e9 une r\u00e9union entre Ryan et un agent de formation de M\u00e9tiers sp\u00e9cialis\u00e9s NB. L&#039;agent de formation a pr\u00e9sent\u00e9 les formations et les comp\u00e9tences techniques requises pour acc\u00e9der \u00e0 chaque niveau du m\u00e9tier. Il a \u00e9galement mentionn\u00e9 le nombre d&#039;heures de formation en cours d&#039;emploi pour obtenir un Sceau rouge. Ils ont parl\u00e9 des diff\u00e9rences entre le travail commercial et le travail r\u00e9sidentiel ainsi que de l&#039;organisation du m\u00e9tier de plombier dans les diff\u00e9rentes provinces.<\/p><p>Motiv\u00e9 par ce premier mentorat, Ryan voulait en apprendre davantage. L&#039;accompagnatrice a organis\u00e9 un mentorat sous la forme d&#039;un mentorat par observation dans une entreprise locale appel\u00e9e Matrix Mechanical Group. Ryan a pass\u00e9 la journ\u00e9e avec Harrison, son mentor-e. Il l&#039;a accompagn\u00e9 sur les chantiers et \u00e0 d\u00e9couvert le quotidien d&#039;un plombier.<\/p>\t\t\t\t\t\t\t\t<\/div>\n\t\t\t\t<\/div>\n\t\t\t\t\t<\/div>\n\t\t<\/div>\n\t\t\t\t<div class=\"elementor-column elementor-col-50 elementor-top-column elementor-element elementor-element-1b3bcf6\" data-id=\"1b3bcf6\" data-element_type=\"column\" data-e-type=\"column\" data-settings=\"{&quot;background_background&quot;:&quot;classic&quot;}\">\n\t\t\t<div class=\"elementor-widget-wrap elementor-element-populated\">\n\t\t\t\t\t\t<div class=\"elementor-element elementor-element-01bae13 elementor-widget elementor-widget-image\" data-id=\"01bae13\" data-element_type=\"widget\" data-e-type=\"widget\" data-widget_type=\"image.default\">\n\t\t\t\t<div class=\"elementor-widget-container\">\n\t\t\t\t\t\t\t\t\t\t\t\t\t\t\t<img decoding=\"async\" width=\"720\" height=\"500\" src=\"https:\/\/www.supportedemployment.ca\/wp-content\/uploads\/2024\/09\/Ryan-Harrison-Matrix-Mechanical.jpg\" class=\"attachment-large size-large wp-image-58903\" alt=\"Photo: Two men, Ryan and Harrison, smile as they stand outside in front of a Matrix Mechanical Group van. Both wear a black and red Matrix ball cap, a black golf shirt and black pants. Deux hommes, Ryan et Harrison, sont debouts devant un camion de Matrix Mechanical Group et sourissent. Ils portent un chapeau noir et rouge Both wear a black de Matrix Mechanical, un gilet noir et un pantalon noir.\" srcset=\"https:\/\/www.supportedemployment.ca\/wp-content\/uploads\/2024\/09\/Ryan-Harrison-Matrix-Mechanical.jpg 720w, https:\/\/www.supportedemployment.ca\/wp-content\/uploads\/2024\/09\/Ryan-Harrison-Matrix-Mechanical-300x208.jpg 300w, https:\/\/www.supportedemployment.ca\/wp-content\/uploads\/2024\/09\/Ryan-Harrison-Matrix-Mechanical-600x417.jpg 600w\" sizes=\"(max-width: 720px) 100vw, 720px\" \/>\t\t\t\t\t\t\t\t\t\t\t\t\t\t\t<\/div>\n\t\t\t\t<\/div>\n\t\t\t\t\t<\/div>\n\t\t<\/div>\n\t\t\t\t\t<\/div>\n\t\t<\/section>\n\t\t\t\t<section class=\"elementor-section elementor-top-section elementor-element elementor-element-e6a4c3e elementor-section-boxed elementor-section-height-default elementor-section-height-default\" data-id=\"e6a4c3e\" data-element_type=\"section\" data-e-type=\"section\">\n\t\t\t\t\t\t<div class=\"elementor-container elementor-column-gap-default\">\n\t\t\t\t\t<div class=\"elementor-column elementor-col-50 elementor-top-column elementor-element elementor-element-fc5e381\" data-id=\"fc5e381\" data-element_type=\"column\" data-e-type=\"column\" data-settings=\"{&quot;background_background&quot;:&quot;classic&quot;}\">\n\t\t\t<div class=\"elementor-widget-wrap elementor-element-populated\">\n\t\t\t\t\t\t<div class=\"elementor-element elementor-element-bd08354 elementor-widget elementor-widget-text-editor\" data-id=\"bd08354\" data-element_type=\"widget\" data-e-type=\"widget\" data-widget_type=\"text-editor.default\">\n\t\t\t\t<div class=\"elementor-widget-container\">\n\t\t\t\t\t\t\t\t\t<p>\u00ab Matrix Mechanical a \u00e9t\u00e9 au-del\u00e0 des attentes dans le mentorat de Ryan. Non seulement Ryan a eu l&#039;occasion de visiter diff\u00e9rents chantiers, mais il a \u00e9galement particip\u00e9 \u00e0 des simulations d&#039;entretien d&#039;embauche pour s&#039;entra\u00eener. L&#039;entreprise a \u00e9galement veill\u00e9 au jumeler avec le meilleur mentor-e. Je n&#039;aurais pas pu r\u00eaver un employeur plus inclusif qui cherche \u00e0 soutenir sa communaut\u00e9. \u00bb<\/p>\t\t\t\t\t\t\t\t<\/div>\n\t\t\t\t<\/div>\n\t\t\t\t<div class=\"elementor-element elementor-element-8bb90d9 elementor-widget elementor-widget-text-editor\" data-id=\"8bb90d9\" data-element_type=\"widget\" data-e-type=\"widget\" data-widget_type=\"text-editor.default\">\n\t\t\t\t<div class=\"elementor-widget-container\">\n\t\t\t\t\t\t\t\t\t<p style=\"text-align: right;\">Accompagnatrice de mentorat\u00a0<\/p>\t\t\t\t\t\t\t\t<\/div>\n\t\t\t\t<\/div>\n\t\t\t\t\t<\/div>\n\t\t<\/div>\n\t\t\t\t<div class=\"elementor-column elementor-col-50 elementor-top-column elementor-element elementor-element-ee97c9b\" data-id=\"ee97c9b\" data-element_type=\"column\" data-e-type=\"column\" data-settings=\"{&quot;background_background&quot;:&quot;classic&quot;}\">\n\t\t\t<div class=\"elementor-widget-wrap elementor-element-populated\">\n\t\t\t\t\t\t<div class=\"elementor-element elementor-element-b9dfa7b elementor-widget elementor-widget-text-editor\" data-id=\"b9dfa7b\" data-element_type=\"widget\" data-e-type=\"widget\" data-widget_type=\"text-editor.default\">\n\t\t\t\t<div class=\"elementor-widget-container\">\n\t\t\t\t\t\t\t\t\t<p>Photo ci-dessus : Ryan se trouve \u00e0 gauche et Harrison, de chez Matrix Mechanical Group, \u00e0 droite. Merci \u00e0 Jennifer Fox, de chez Hire Potential, qui a coordonn\u00e9 la s\u00e9ance de photos !<\/p>\t\t\t\t\t\t\t\t<\/div>\n\t\t\t\t<\/div>\n\t\t\t\t<div class=\"elementor-element elementor-element-0233aaa elementor-align-center elementor-widget elementor-widget-button\" data-id=\"0233aaa\" data-element_type=\"widget\" data-e-type=\"widget\" data-widget_type=\"button.default\">\n\t\t\t\t<div class=\"elementor-widget-container\">\n\t\t\t\t\t\t\t\t\t<div class=\"elementor-button-wrapper\">\n\t\t\t\t\t<a class=\"elementor-button elementor-button-link elementor-size-sm\" href=\"https:\/\/www.supportedemployment.ca\/fr\/mentorability-experience-story-ryan\/\" target=\"_blank\">\n\t\t\t\t\t\t<span class=\"elementor-button-content-wrapper\">\n\t\t\t\t\t\t\t\t\t<span class=\"elementor-button-text\">D\u00e9couvrez la voie que Ryan a choisi de suivre.<\/span>\n\t\t\t\t\t<\/span>\n\t\t\t\t\t<\/a>\n\t\t\t\t<\/div>\n\t\t\t\t\t\t\t\t<\/div>\n\t\t\t\t<\/div>\n\t\t\t\t\t<\/div>\n\t\t<\/div>\n\t\t\t\t\t<\/div>\n\t\t<\/section>\n\t\t\t\t<section class=\"elementor-section elementor-top-section elementor-element elementor-element-e7ef4a7 elementor-section-boxed elementor-section-height-default elementor-section-height-default\" data-id=\"e7ef4a7\" data-element_type=\"section\" data-e-type=\"section\">\n\t\t\t\t\t\t<div class=\"elementor-container elementor-column-gap-default\">\n\t\t\t\t\t<div class=\"elementor-column elementor-col-100 elementor-top-column elementor-element elementor-element-8cf3716\" data-id=\"8cf3716\" data-element_type=\"column\" data-e-type=\"column\">\n\t\t\t<div class=\"elementor-widget-wrap elementor-element-populated\">\n\t\t\t\t\t\t<div class=\"elementor-element elementor-element-a5b0e59 elementor-widget elementor-widget-heading\" data-id=\"a5b0e59\" data-element_type=\"widget\" data-e-type=\"widget\" data-widget_type=\"heading.default\">\n\t\t\t\t<div class=\"elementor-widget-container\">\n\t\t\t\t\t<h3 class=\"elementor-heading-title elementor-size-default\">Toutes les personnes impliqu\u00e9es b\u00e9n\u00e9ficient des mentorats MentorHabilet\u00e9s<\/h3>\t\t\t\t<\/div>\n\t\t\t\t<\/div>\n\t\t\t\t<div class=\"elementor-element elementor-element-ac36ed0 elementor-widget elementor-widget-text-editor\" data-id=\"ac36ed0\" data-element_type=\"widget\" data-e-type=\"widget\" data-widget_type=\"text-editor.default\">\n\t\t\t\t<div class=\"elementor-widget-container\">\n\t\t\t\t\t\t\t\t\t<p>Ces deux mentorats ont permis \u00e0 Ryan d&#039;obtenir les informations dont il avait besoin pour d\u00e9cider s&#039;il voulait devenir plombier. Mais un mentorat MentorHabilet\u00e9s remplit bien plus de fonctions.<\/p>\t\t\t\t\t\t\t\t<\/div>\n\t\t\t\t<\/div>\n\t\t\t\t\t<\/div>\n\t\t<\/div>\n\t\t\t\t\t<\/div>\n\t\t<\/section>\n\t\t\t\t<section class=\"elementor-section elementor-top-section elementor-element elementor-element-84a6b62 elementor-section-boxed elementor-section-height-default elementor-section-height-default\" data-id=\"84a6b62\" data-element_type=\"section\" data-e-type=\"section\">\n\t\t\t\t\t\t<div class=\"elementor-container elementor-column-gap-default\">\n\t\t\t\t\t<div class=\"elementor-column elementor-col-50 elementor-top-column elementor-element elementor-element-70baf99\" data-id=\"70baf99\" data-element_type=\"column\" data-e-type=\"column\" data-settings=\"{&quot;background_background&quot;:&quot;classic&quot;}\">\n\t\t\t<div class=\"elementor-widget-wrap elementor-element-populated\">\n\t\t\t\t\t\t<div class=\"elementor-element elementor-element-a59b00a elementor-widget elementor-widget-text-editor\" data-id=\"a59b00a\" data-element_type=\"widget\" data-e-type=\"widget\" data-widget_type=\"text-editor.default\">\n\t\t\t\t<div class=\"elementor-widget-container\">\n\t\t\t\t\t\t\t\t\t<p><b>Les personnes mentor\u00e9es <\/b>\u00e9tablissent des connexions professionnelles et renforcent leur estime de soi. Elles comprennent \u00e9galement mieux les prochaines \u00e9tapes \u00e0 suivre dans leur recherche d&#039;emploi ou dans leur carri\u00e8re.<\/p>\t\t\t\t\t\t\t\t<\/div>\n\t\t\t\t<\/div>\n\t\t\t\t\t<\/div>\n\t\t<\/div>\n\t\t\t\t<div class=\"elementor-column elementor-col-50 elementor-top-column elementor-element elementor-element-1d417f9\" data-id=\"1d417f9\" data-element_type=\"column\" data-e-type=\"column\" data-settings=\"{&quot;background_background&quot;:&quot;classic&quot;}\">\n\t\t\t<div class=\"elementor-widget-wrap elementor-element-populated\">\n\t\t\t\t\t\t<div class=\"elementor-element elementor-element-5315c3d elementor-widget elementor-widget-text-editor\" data-id=\"5315c3d\" data-element_type=\"widget\" data-e-type=\"widget\" data-widget_type=\"text-editor.default\">\n\t\t\t\t<div class=\"elementor-widget-container\">\n\t\t\t\t\t\t\t\t\t<p><b>Les mentores, les mentors et les employeurs <\/b>d\u00e9velopper leurs connaissances sur l&#039;inclusion des personnes en situation de handicap et \u00e9tablir des rapports avec les prestataires de services d&#039;emploi. Les \u00e9v\u00e9nements de r\u00e9seautage permettent aux employeurs de se rencontrer pour parler de leurs d\u00e9fis et de leurs succ\u00e8s.\u00a0<\/p>\t\t\t\t\t\t\t\t<\/div>\n\t\t\t\t<\/div>\n\t\t\t\t\t<\/div>\n\t\t<\/div>\n\t\t\t\t\t<\/div>\n\t\t<\/section>\n\t\t\t\t<section class=\"elementor-section elementor-top-section elementor-element elementor-element-5eb3a56 elementor-section-boxed elementor-section-height-default elementor-section-height-default\" data-id=\"5eb3a56\" data-element_type=\"section\" data-e-type=\"section\">\n\t\t\t\t\t\t<div class=\"elementor-container elementor-column-gap-default\">\n\t\t\t\t\t<div class=\"elementor-column elementor-col-50 elementor-top-column elementor-element elementor-element-cb74905\" data-id=\"cb74905\" data-element_type=\"column\" data-e-type=\"column\" data-settings=\"{&quot;background_background&quot;:&quot;classic&quot;}\">\n\t\t\t<div class=\"elementor-widget-wrap elementor-element-populated\">\n\t\t\t\t\t\t<div class=\"elementor-element elementor-element-e62f00e elementor-widget elementor-widget-text-editor\" data-id=\"e62f00e\" data-element_type=\"widget\" data-e-type=\"widget\" data-widget_type=\"text-editor.default\">\n\t\t\t\t<div class=\"elementor-widget-container\">\n\t\t\t\t\t\t\t\t\t<p><b>Les facilitatrices et facilitateurs de mentorat <\/b>Acqu\u00e9rir un outil d&#039;exploration de carri\u00e8re, \u00e9largissent leurs r\u00e9seaux professionnels et commerciaux et apprennent \u00e0 mobiliser les employeurs et \u00e0 communiquer les avantages li\u00e9s \u00e0 l&#039;embauche de personnes en situation de handicap.\u00a0<\/p>\t\t\t\t\t\t\t\t<\/div>\n\t\t\t\t<\/div>\n\t\t\t\t\t<\/div>\n\t\t<\/div>\n\t\t\t\t<div class=\"elementor-column elementor-col-50 elementor-top-column elementor-element elementor-element-7fd764a\" data-id=\"7fd764a\" data-element_type=\"column\" data-e-type=\"column\" data-settings=\"{&quot;background_background&quot;:&quot;classic&quot;}\">\n\t\t\t<div class=\"elementor-widget-wrap elementor-element-populated\">\n\t\t\t\t\t\t<div class=\"elementor-element elementor-element-625df1f elementor-widget elementor-widget-text-editor\" data-id=\"625df1f\" data-element_type=\"widget\" data-e-type=\"widget\" data-widget_type=\"text-editor.default\">\n\t\t\t\t<div class=\"elementor-widget-container\">\n\t\t\t\t\t\t\t\t\t<p><b>Les communaut\u00e9s <\/b>b\u00e9n\u00e9ficiant des milieux de travail inclusifs, de l&#039;\u00e9nergie et de la cr\u00e9ativit\u00e9 d&#039;une main-d&#039;\u0153uvre \u00e9largie et des r\u00e9seaux et des soutiens \u00e9conomiques et sociaux renforc\u00e9s.\u00a0<\/p>\t\t\t\t\t\t\t\t<\/div>\n\t\t\t\t<\/div>\n\t\t\t\t\t<\/div>\n\t\t<\/div>\n\t\t\t\t\t<\/div>\n\t\t<\/section>\n\t\t\t\t<section class=\"elementor-section elementor-top-section elementor-element elementor-element-2dac732 elementor-section-boxed elementor-section-height-default elementor-section-height-default\" data-id=\"2dac732\" data-element_type=\"section\" data-e-type=\"section\">\n\t\t\t\t\t\t<div class=\"elementor-container elementor-column-gap-default\">\n\t\t\t\t\t<div class=\"elementor-column elementor-col-100 elementor-top-column elementor-element elementor-element-28922bb\" data-id=\"28922bb\" data-element_type=\"column\" data-e-type=\"column\">\n\t\t\t<div class=\"elementor-widget-wrap elementor-element-populated\">\n\t\t\t\t\t\t<div class=\"elementor-element elementor-element-6807e2d elementor-widget elementor-widget-heading\" data-id=\"6807e2d\" data-element_type=\"widget\" data-e-type=\"widget\" data-widget_type=\"heading.default\">\n\t\t\t\t<div class=\"elementor-widget-container\">\n\t\t\t\t\t<h3 class=\"elementor-heading-title elementor-size-default\">MentorHabilet\u00e9s : bien plus qu&#039;une quantit\u00e9 de mentorats<\/h3>\t\t\t\t<\/div>\n\t\t\t\t<\/div>\n\t\t\t\t\t<\/div>\n\t\t<\/div>\n\t\t\t\t\t<\/div>\n\t\t<\/section>\n\t\t\t\t<section class=\"elementor-section elementor-top-section elementor-element elementor-element-0980680 elementor-section-boxed elementor-section-height-default elementor-section-height-default\" data-id=\"0980680\" data-element_type=\"section\" data-e-type=\"section\">\n\t\t\t\t\t\t<div class=\"elementor-container elementor-column-gap-default\">\n\t\t\t\t\t<div class=\"elementor-column elementor-col-100 elementor-top-column elementor-element elementor-element-0a6578c\" data-id=\"0a6578c\" data-element_type=\"column\" data-e-type=\"column\">\n\t\t\t<div class=\"elementor-widget-wrap elementor-element-populated\">\n\t\t\t\t\t\t<div class=\"elementor-element elementor-element-ebe699d elementor-widget elementor-widget-text-editor\" data-id=\"ebe699d\" data-element_type=\"widget\" data-e-type=\"widget\" data-widget_type=\"text-editor.default\">\n\t\t\t\t<div class=\"elementor-widget-container\">\n\t\t\t\t\t\t\t\t\t<p>MentorHabilet\u00e9s Canada est bien plus que la somme de ses mentorats. MentorHabilet\u00e9s incarne la passion et l&#039;\u00e9nergie de l&#039;ensemble des prestataires de services et des employeurs qui ont appuy\u00e9 les exp\u00e9riences de mentorat depuis 2019.<\/p><p>Dans le cadre des mentorats MentorHabilet\u00e9s, l&#039;ensemble des employeurs, des mentores et des mentors ont d\u00e9montr\u00e9 au fil des ans leur appr\u00e9ciation de l&#039;int\u00e9r\u00eat et des comp\u00e9tences que les personnes en situation de handicap apportent \u00e0 leurs secteurs d&#039;activit\u00e9 et \u00e0 leurs communaut\u00e9s.<\/p><p>Les bureaux de coordination de MentorHabilet\u00e9s, les partenaires et des centaines de prestataires de services de soutien \u00e0 l&#039;emploi de l&#039;ensemble du pays ont investi dans MentorHabilet\u00e9s. Ensemble, ils ont contribu\u00e9 \u00e0 l&#039;augmentation de l&#039;inclusion dans leurs communaut\u00e9s et au renforcement des r\u00e9seaux et des soutiens \u00e9conomiques et sociaux pour les personnes en situation de handicap.\u00a0<\/p>\t\t\t\t\t\t\t\t<\/div>\n\t\t\t\t<\/div>\n\t\t\t\t<div class=\"elementor-element elementor-element-44c5ab4 elementor-widget elementor-widget-heading\" data-id=\"44c5ab4\" data-element_type=\"widget\" data-e-type=\"widget\" data-widget_type=\"heading.default\">\n\t\t\t\t<div class=\"elementor-widget-container\">\n\t\t\t\t\t<h3 class=\"elementor-heading-title elementor-size-default\">Venez c\u00e9l\u00e9brer avec nous ce jalon important!<\/h3>\t\t\t\t<\/div>\n\t\t\t\t<\/div>\n\t\t\t\t\t<\/div>\n\t\t<\/div>\n\t\t\t\t\t<\/div>\n\t\t<\/section>\n\t\t\t\t<section class=\"elementor-section elementor-top-section elementor-element elementor-element-5bbfe9d elementor-section-boxed elementor-section-height-default elementor-section-height-default\" data-id=\"5bbfe9d\" data-element_type=\"section\" data-e-type=\"section\">\n\t\t\t\t\t\t<div class=\"elementor-container elementor-column-gap-default\">\n\t\t\t\t\t<div class=\"elementor-column elementor-col-50 elementor-top-column elementor-element elementor-element-08fdbb4\" data-id=\"08fdbb4\" data-element_type=\"column\" data-e-type=\"column\">\n\t\t\t<div class=\"elementor-widget-wrap elementor-element-populated\">\n\t\t\t\t\t\t<div class=\"elementor-element elementor-element-d9615d1 elementor-widget elementor-widget-text-editor\" data-id=\"d9615d1\" data-element_type=\"widget\" data-e-type=\"widget\" data-widget_type=\"text-editor.default\">\n\t\t\t\t<div class=\"elementor-widget-container\">\n\t\t\t\t\t\t\t\t\t<p>Nous vous remercions de votre engagement en faveur de MentorHabilet\u00e9s. Nous vous remercions d&#039;avoir partag\u00e9 le pouvoir de transformation du d\u00e9veloppement de carri\u00e8re pour les personnes en situation de handicap. C&#039;est gr\u00e2ce \u00e0 cela que nous avons pu atteindre ce jalon incroyable.<\/p>\t\t\t\t\t\t\t\t<\/div>\n\t\t\t\t<\/div>\n\t\t\t\t\t<\/div>\n\t\t<\/div>\n\t\t\t\t<div class=\"elementor-column elementor-col-50 elementor-top-column elementor-element elementor-element-ee078a7\" data-id=\"ee078a7\" data-element_type=\"column\" data-e-type=\"column\">\n\t\t\t<div class=\"elementor-widget-wrap elementor-element-populated\">\n\t\t\t\t\t\t<div class=\"elementor-element elementor-element-ee8067b elementor-widget elementor-widget-heading\" data-id=\"ee8067b\" data-element_type=\"widget\" data-e-type=\"widget\" data-widget_type=\"heading.default\">\n\t\t\t\t<div class=\"elementor-widget-container\">\n\t\t\t\t\t<h1 class=\"elementor-heading-title elementor-size-default\">Merci !!<\/h1>\t\t\t\t<\/div>\n\t\t\t\t<\/div>\n\t\t\t\t\t<\/div>\n\t\t<\/div>\n\t\t\t\t\t<\/div>\n\t\t<\/section>\n\t\t\t\t<\/div>","protected":false},"excerpt":{"rendered":"<p>Pour la version anglaise de cet article,&nbsp;veuillez cliquer ici.&nbsp;&nbsp;|&nbsp; For the English version of this post,&nbsp;please click here. Tout a commenc\u00e9 avec la notion de conversations En 2015, le conseil [&hellip;]<\/p>\n","protected":false},"author":269,"featured_media":0,"comment_status":"closed","ping_status":"closed","sticky":false,"template":"","format":"standard","meta":{"_acf_changed":false,"footnotes":""},"categories":[1,356,43],"tags":[66,352,376],"class_list":["post-58942","post","type-post","status-publish","format-standard","hentry","category-uncategorized","category-mentorability","category-news","tag-mentorability","tag-mentoring","tag-mentorship"],"acf":[],"_links":{"self":[{"href":"https:\/\/www.supportedemployment.ca\/fr\/wp-json\/wp\/v2\/posts\/58942","targetHints":{"allow":["GET"]}}],"collection":[{"href":"https:\/\/www.supportedemployment.ca\/fr\/wp-json\/wp\/v2\/posts"}],"about":[{"href":"https:\/\/www.supportedemployment.ca\/fr\/wp-json\/wp\/v2\/types\/post"}],"author":[{"embeddable":true,"href":"https:\/\/www.supportedemployment.ca\/fr\/wp-json\/wp\/v2\/users\/269"}],"replies":[{"embeddable":true,"href":"https:\/\/www.supportedemployment.ca\/fr\/wp-json\/wp\/v2\/comments?post=58942"}],"version-history":[{"count":0,"href":"https:\/\/www.supportedemployment.ca\/fr\/wp-json\/wp\/v2\/posts\/58942\/revisions"}],"wp:attachment":[{"href":"https:\/\/www.supportedemployment.ca\/fr\/wp-json\/wp\/v2\/media?parent=58942"}],"wp:term":[{"taxonomy":"category","embeddable":true,"href":"https:\/\/www.supportedemployment.ca\/fr\/wp-json\/wp\/v2\/categories?post=58942"},{"taxonomy":"post_tag","embeddable":true,"href":"https:\/\/www.supportedemployment.ca\/fr\/wp-json\/wp\/v2\/tags?post=58942"}],"curies":[{"name":"wp","href":"https:\/\/api.w.org\/{rel}","templated":true}]}}