{"id":58900,"date":"2024-10-01T12:51:08","date_gmt":"2024-10-01T16:51:08","guid":{"rendered":"https:\/\/www.supportedemployment.ca\/?p=58900"},"modified":"2024-10-01T17:11:19","modified_gmt":"2024-10-01T21:11:19","slug":"celebrating-1000-mentorability-mentorships","status":"publish","type":"post","link":"https:\/\/www.supportedemployment.ca\/fr\/celebrating-1000-mentorability-mentorships\/","title":{"rendered":"Nous c\u00e9l\u00e9brons 1 000 mentorats MentorHabilet\u00e9s !"},"content":{"rendered":"<div data-elementor-type=\"wp-post\" data-elementor-id=\"58900\" class=\"elementor elementor-58900\" data-elementor-post-type=\"post\">\n\t\t\t\t\t\t<section class=\"elementor-section elementor-top-section elementor-element elementor-element-00ff212 elementor-section-boxed elementor-section-height-default elementor-section-height-default\" data-id=\"00ff212\" data-element_type=\"section\" data-e-type=\"section\">\n\t\t\t\t\t\t<div class=\"elementor-container elementor-column-gap-default\">\n\t\t\t\t\t<div class=\"elementor-column elementor-col-100 elementor-top-column elementor-element elementor-element-56f6bdf\" data-id=\"56f6bdf\" data-element_type=\"column\" data-e-type=\"column\">\n\t\t\t<div class=\"elementor-widget-wrap elementor-element-populated\">\n\t\t\t\t\t\t<div class=\"elementor-element elementor-element-b61cc15 elementor-widget elementor-widget-image\" data-id=\"b61cc15\" data-element_type=\"widget\" data-e-type=\"widget\" data-widget_type=\"image.default\">\n\t\t\t\t<div class=\"elementor-widget-container\">\n\t\t\t\t\t\t\t\t\t\t\t\t\t\t\t<img fetchpriority=\"high\" decoding=\"async\" width=\"2560\" height=\"853\" src=\"https:\/\/www.supportedemployment.ca\/wp-content\/uploads\/2024\/09\/Celebrating-1K-MA-Mentorships-web-scaled.jpg\" class=\"attachment-full size-full wp-image-58902\" alt=\"MentorAbility Canada logo. Celebrating 1,000 MentorAbility Mentorships!!\" srcset=\"https:\/\/www.supportedemployment.ca\/wp-content\/uploads\/2024\/09\/Celebrating-1K-MA-Mentorships-web-scaled.jpg 2560w, https:\/\/www.supportedemployment.ca\/wp-content\/uploads\/2024\/09\/Celebrating-1K-MA-Mentorships-web-300x100.jpg 300w, https:\/\/www.supportedemployment.ca\/wp-content\/uploads\/2024\/09\/Celebrating-1K-MA-Mentorships-web-1024x341.jpg 1024w, https:\/\/www.supportedemployment.ca\/wp-content\/uploads\/2024\/09\/Celebrating-1K-MA-Mentorships-web-768x256.jpg 768w, https:\/\/www.supportedemployment.ca\/wp-content\/uploads\/2024\/09\/Celebrating-1K-MA-Mentorships-web-1536x512.jpg 1536w, https:\/\/www.supportedemployment.ca\/wp-content\/uploads\/2024\/09\/Celebrating-1K-MA-Mentorships-web-2048x683.jpg 2048w, https:\/\/www.supportedemployment.ca\/wp-content\/uploads\/2024\/09\/Celebrating-1K-MA-Mentorships-web-600x200.jpg 600w\" sizes=\"(max-width: 2560px) 100vw, 2560px\" \/>\t\t\t\t\t\t\t\t\t\t\t\t\t\t\t<\/div>\n\t\t\t\t<\/div>\n\t\t\t\t<div class=\"elementor-element elementor-element-483aa81 elementor-widget elementor-widget-text-editor\" data-id=\"483aa81\" data-element_type=\"widget\" data-e-type=\"widget\" data-widget_type=\"text-editor.default\">\n\t\t\t\t<div class=\"elementor-widget-container\">\n\t\t\t\t\t\t\t\t\t<p>Pour la version fran\u00e7aise de cet article,\u00a0<a href=\"https:\/\/www.supportedemployment.ca\/fr\/nous-celebrons-1-000-mentorats-mentorhabiletes\/\" target=\"_blank\" rel=\"noopener\">veuillez cliquer ici.<\/a>\u00a0\u00a0| Pour la version fran\u00e7aise de cette publication,\u00a0<span style=\"font-family: var( --e-global-typography-text-font-family ), Sans-serif;\"><span style=\"background-color: #ffffff;\"><a href=\"https:\/\/www.supportedemployment.ca\/fr\/nous-celebrons-1-000-mentorats-mentorhabiletes\/\">veuillez cliquer ici.<\/a><\/span><\/span><\/p>\t\t\t\t\t\t\t\t<\/div>\n\t\t\t\t<\/div>\n\t\t\t\t\t<\/div>\n\t\t<\/div>\n\t\t\t\t\t<\/div>\n\t\t<\/section>\n\t\t\t\t<section class=\"elementor-section elementor-top-section elementor-element elementor-element-554de0b elementor-section-boxed elementor-section-height-default elementor-section-height-default\" data-id=\"554de0b\" data-element_type=\"section\" data-e-type=\"section\">\n\t\t\t\t\t\t<div class=\"elementor-container elementor-column-gap-default\">\n\t\t\t\t\t<div class=\"elementor-column elementor-col-100 elementor-top-column elementor-element elementor-element-9cbbb5e\" data-id=\"9cbbb5e\" data-element_type=\"column\" data-e-type=\"column\">\n\t\t\t<div class=\"elementor-widget-wrap elementor-element-populated\">\n\t\t\t\t\t\t<div class=\"elementor-element elementor-element-fdce35e elementor-widget elementor-widget-heading\" data-id=\"fdce35e\" data-element_type=\"widget\" data-e-type=\"widget\" data-widget_type=\"heading.default\">\n\t\t\t\t<div class=\"elementor-widget-container\">\n\t\t\t\t\t<h3 class=\"elementor-heading-title elementor-size-default\">Tout a commenc\u00e9 avec la notion de conversations. <\/h3>\t\t\t\t<\/div>\n\t\t\t\t<\/div>\n\t\t\t\t<div class=\"elementor-element elementor-element-262c6fc elementor-widget elementor-widget-text-editor\" data-id=\"262c6fc\" data-element_type=\"widget\" data-e-type=\"widget\" data-widget_type=\"text-editor.default\">\n\t\t\t\t<div class=\"elementor-widget-container\">\n\t\t\t\t\t\t\t\t\t<p>En 2015, les membres du conseil d&#039;administration de ACSE cherchaient un moyen de renforcer les liens entre les demandeurs d&#039;emploi en situation de handicap et les employeurs. Ils ont \u00e9t\u00e9 s\u00e9duits par le concept de \u00ab\u00a0Ten Thousand Coffees\u00a0\u00bb, qui favorise les \u00e9changes informels entre les demandeurs d&#039;emploi et les d\u00e9cideurs d&#039;un secteur d&#039;activit\u00e9 donn\u00e9.&nbsp;<\/p>\n<p><span style=\"color: var( --e-global-color-text ); font-family: var( --e-global-typography-text-font-family ), Sans-serif; font-size: var( --e-global-typography-text-font-size ); font-weight: var( --e-global-typography-text-font-weight );\">Le conseil d\u2019administration de ACSE a d\u00e9cid\u00e9 d\u2019explorer ce concept dans le domaine de soutien \u00e0 l&#039;emploi par le biais de projets pilotes en Colombie-Britannique et en Saskatchewan.&nbsp;<\/span><span style=\"color: var( --e-global-color-text ); font-family: var( --e-global-typography-text-font-family ), Sans-serif; font-size: var( --e-global-typography-text-font-size ); font-weight: var( --e-global-typography-text-font-weight );\">Encourag\u00e9e par les retomb\u00e9es de ces projets pilotes, ACSE a demand\u00e9 et obtenu un financement du gouvernement du Canada par l\u2019entremise du Fonds d\u2019opportunit\u00e9s pour les personnes handicap\u00e9es.<\/span><br><\/p>\t\t\t\t\t\t\t\t<\/div>\n\t\t\t\t<\/div>\n\t\t\t\t\t<\/div>\n\t\t<\/div>\n\t\t\t\t\t<\/div>\n\t\t<\/section>\n\t\t\t\t<section class=\"elementor-section elementor-top-section elementor-element elementor-element-dd9f9f1 elementor-section-boxed elementor-section-height-default elementor-section-height-default\" data-id=\"dd9f9f1\" data-element_type=\"section\" data-e-type=\"section\">\n\t\t\t\t\t\t<div class=\"elementor-container elementor-column-gap-default\">\n\t\t\t\t\t<div class=\"elementor-column elementor-col-50 elementor-top-column elementor-element elementor-element-55bea70\" data-id=\"55bea70\" data-element_type=\"column\" data-e-type=\"column\">\n\t\t\t<div class=\"elementor-widget-wrap elementor-element-populated\">\n\t\t\t\t\t\t<div class=\"elementor-element elementor-element-3090917 elementor-widget elementor-widget-heading\" data-id=\"3090917\" data-element_type=\"widget\" data-e-type=\"widget\" data-widget_type=\"heading.default\">\n\t\t\t\t<div class=\"elementor-widget-container\">\n\t\t\t\t\t<h5 class=\"elementor-heading-title elementor-size-default\">L\u2019initiative MentorHabilet\u00e9s Canada a \u00e9t\u00e9 lanc\u00e9e en 2019 ! <\/h5>\t\t\t\t<\/div>\n\t\t\t\t<\/div>\n\t\t\t\t<div class=\"elementor-element elementor-element-8fff2bd elementor-widget elementor-widget-text-editor\" data-id=\"8fff2bd\" data-element_type=\"widget\" data-e-type=\"widget\" data-widget_type=\"text-editor.default\">\n\t\t\t\t<div class=\"elementor-widget-container\">\n\t\t\t\t\t\t\t\t\t<p><span style=\"color: var( --e-global-color-text ); font-family: var( --e-global-typography-text-font-family ), Sans-serif; font-size: var( --e-global-typography-text-font-size ); font-weight: var( --e-global-typography-text-font-weight );\">Nous sommes actuellement dans la deuxi\u00e8me phase de cette initiative nationale couronn\u00e9e de succ\u00e8s qui met en relation les demandeurs d&#039;emploi et les employeurs afin de renforcer les liens, la confiance et l&#039;inclusion professionnelle.\u00a0<\/span><\/p>\t\t\t\t\t\t\t\t<\/div>\n\t\t\t\t<\/div>\n\t\t\t\t\t<\/div>\n\t\t<\/div>\n\t\t\t\t<div class=\"elementor-column elementor-col-50 elementor-top-column elementor-element elementor-element-aa220e2\" data-id=\"aa220e2\" data-element_type=\"column\" data-e-type=\"column\">\n\t\t\t<div class=\"elementor-widget-wrap elementor-element-populated\">\n\t\t\t\t\t\t<div class=\"elementor-element elementor-element-29bb7c1 elementor-widget elementor-widget-button\" data-id=\"29bb7c1\" data-element_type=\"widget\" data-e-type=\"widget\" data-widget_type=\"button.default\">\n\t\t\t\t<div class=\"elementor-widget-container\">\n\t\t\t\t\t\t\t\t\t<div class=\"elementor-button-wrapper\">\n\t\t\t\t\t<a class=\"elementor-button elementor-button-link elementor-size-sm\" href=\"https:\/\/www.supportedemployment.ca\/fr\/how-mentorability-began\/\" target=\"_blank\">\n\t\t\t\t\t\t<span class=\"elementor-button-content-wrapper\">\n\t\t\t\t\t\t\t\t\t<span class=\"elementor-button-text\">Vous pouvez en apprendre davantage sur les origines de MentorHabilet\u00e9s Canada sur le site Web de ACSE . <\/span>\n\t\t\t\t\t<\/span>\n\t\t\t\t\t<\/a>\n\t\t\t\t<\/div>\n\t\t\t\t\t\t\t\t<\/div>\n\t\t\t\t<\/div>\n\t\t\t\t\t<\/div>\n\t\t<\/div>\n\t\t\t\t\t<\/div>\n\t\t<\/section>\n\t\t\t\t<section class=\"elementor-section elementor-top-section elementor-element elementor-element-db5e427 elementor-section-boxed elementor-section-height-default elementor-section-height-default\" data-id=\"db5e427\" data-element_type=\"section\" data-e-type=\"section\">\n\t\t\t\t\t\t<div class=\"elementor-container elementor-column-gap-default\">\n\t\t\t\t\t<div class=\"elementor-column elementor-col-100 elementor-top-column elementor-element elementor-element-0240b21\" data-id=\"0240b21\" data-element_type=\"column\" data-e-type=\"column\">\n\t\t\t<div class=\"elementor-widget-wrap elementor-element-populated\">\n\t\t\t\t\t\t<div class=\"elementor-element elementor-element-dccffff elementor-widget elementor-widget-heading\" data-id=\"dccffff\" data-element_type=\"widget\" data-e-type=\"widget\" data-widget_type=\"heading.default\">\n\t\t\t\t<div class=\"elementor-widget-container\">\n\t\t\t\t\t<h3 class=\"elementor-heading-title elementor-size-default\">Nous avons atteint 1 000 mentorats ! <\/h3>\t\t\t\t<\/div>\n\t\t\t\t<\/div>\n\t\t\t\t<div class=\"elementor-element elementor-element-4c686c8 elementor-widget elementor-widget-text-editor\" data-id=\"4c686c8\" data-element_type=\"widget\" data-e-type=\"widget\" data-widget_type=\"text-editor.default\">\n\t\t\t\t<div class=\"elementor-widget-container\">\n\t\t\t\t\t\t\t\t\t<p>En octobre, \u00e0 l&#039;occasion du Mois de la sensibilisation \u00e0 l&#039;emploi des personnes handicap\u00e9es, nous c\u00e9l\u00e9brons le 1\u00a0000e mentorat de MentorAbility. Permettez-nous de vous raconter cette exp\u00e9rience, qui a eu lieu au printemps 2024, car elle incarne tout ce que nous appr\u00e9cions chez MentorHabilet\u00e9s.\u00a0<\/p>\t\t\t\t\t\t\t\t<\/div>\n\t\t\t\t<\/div>\n\t\t\t\t\t<\/div>\n\t\t<\/div>\n\t\t\t\t\t<\/div>\n\t\t<\/section>\n\t\t\t\t<section class=\"elementor-section elementor-top-section elementor-element elementor-element-1713a36 elementor-section-boxed elementor-section-height-default elementor-section-height-default\" data-id=\"1713a36\" data-element_type=\"section\" data-e-type=\"section\">\n\t\t\t\t\t\t<div class=\"elementor-container elementor-column-gap-default\">\n\t\t\t\t\t<div class=\"elementor-column elementor-col-100 elementor-top-column elementor-element elementor-element-11f1050\" data-id=\"11f1050\" data-element_type=\"column\" data-e-type=\"column\" data-settings=\"{&quot;background_background&quot;:&quot;classic&quot;}\">\n\t\t\t<div class=\"elementor-widget-wrap elementor-element-populated\">\n\t\t\t\t\t\t<div class=\"elementor-element elementor-element-b0c841d elementor-widget elementor-widget-heading\" data-id=\"b0c841d\" data-element_type=\"widget\" data-e-type=\"widget\" data-widget_type=\"heading.default\">\n\t\t\t\t<div class=\"elementor-widget-container\">\n\t\t\t\t\t<h3 class=\"elementor-heading-title elementor-size-default\">Les tenants et aboutissants de la plomberie au Nouveau-Brunswick <\/h3>\t\t\t\t<\/div>\n\t\t\t\t<\/div>\n\t\t\t\t\t<\/div>\n\t\t<\/div>\n\t\t\t\t\t<\/div>\n\t\t<\/section>\n\t\t\t\t<section class=\"elementor-section elementor-top-section elementor-element elementor-element-abef031 elementor-section-boxed elementor-section-height-default elementor-section-height-default\" data-id=\"abef031\" data-element_type=\"section\" data-e-type=\"section\">\n\t\t\t\t\t\t<div class=\"elementor-container elementor-column-gap-default\">\n\t\t\t\t\t<div class=\"elementor-column elementor-col-50 elementor-top-column elementor-element elementor-element-5163fb2\" data-id=\"5163fb2\" data-element_type=\"column\" data-e-type=\"column\" data-settings=\"{&quot;background_background&quot;:&quot;classic&quot;}\">\n\t\t\t<div class=\"elementor-widget-wrap elementor-element-populated\">\n\t\t\t\t\t\t<div class=\"elementor-element elementor-element-6ddba1b elementor-widget elementor-widget-text-editor\" data-id=\"6ddba1b\" data-element_type=\"widget\" data-e-type=\"widget\" data-widget_type=\"text-editor.default\">\n\t\t\t\t<div class=\"elementor-widget-container\">\n\t\t\t\t\t\t\t\t\t<p>Ryan pensait \u00eatre int\u00e9ress\u00e9 par le m\u00e9tier de plombier et souhaitait en savoir plus sur les tenants et aboutissants de la plomberie au Nouveau-Brunswick. Il a rencontr\u00e9 un accompagnatrice et accompagnateur de mentorat MentorHabilet\u00e9s dans un organisme local de services d&#039;emploi, et ensemble, ils ont explor\u00e9 les possibilit\u00e9s de mentorat.<\/p><p>Le accompagnatrice et accompagnateur de mentorat a organis\u00e9 une rencontre entre Ryan et un agent de formation de M\u00e9tiers sp\u00e9cialis\u00e9s Nouveau-Brunswick. Ce dernier lui a expliqu\u00e9 la formation et les comp\u00e9tences techniques n\u00e9cessaires pour progresser \u00e0 chaque \u00e9tape du m\u00e9tier, ainsi que le nombre d&#039;heures de travail requises pour obtenir le Sceau rouge. Ils ont discut\u00e9 des diff\u00e9rences entre le travail commercial et r\u00e9sidentiel et de l&#039;organisation du secteur de la plomberie dans la province.<\/p><p>Encourag\u00e9 par ce mentorat, Ryan souhaitait approfondir ses connaissances. L&#039;animateur a organis\u00e9 un stage d&#039;observation au sein d&#039;une entreprise locale, Matrix Mechanical Group. Ryan a pass\u00e9 une journ\u00e9e avec son mentor-e, Harrison, \u00e0 visiter des chantiers et \u00e0 d\u00e9couvrir le quotidien d&#039;un plombier.\u00a0\u00a0<\/p>\t\t\t\t\t\t\t\t<\/div>\n\t\t\t\t<\/div>\n\t\t\t\t\t<\/div>\n\t\t<\/div>\n\t\t\t\t<div class=\"elementor-column elementor-col-50 elementor-top-column elementor-element elementor-element-2ac809c\" data-id=\"2ac809c\" data-element_type=\"column\" data-e-type=\"column\" data-settings=\"{&quot;background_background&quot;:&quot;classic&quot;}\">\n\t\t\t<div class=\"elementor-widget-wrap elementor-element-populated\">\n\t\t\t\t\t\t<div class=\"elementor-element elementor-element-fd28540 elementor-widget elementor-widget-image\" data-id=\"fd28540\" data-element_type=\"widget\" data-e-type=\"widget\" data-widget_type=\"image.default\">\n\t\t\t\t<div class=\"elementor-widget-container\">\n\t\t\t\t\t\t\t\t\t\t\t\t\t\t\t<img decoding=\"async\" width=\"720\" height=\"500\" src=\"https:\/\/www.supportedemployment.ca\/wp-content\/uploads\/2024\/09\/Ryan-Harrison-Matrix-Mechanical.jpg\" class=\"attachment-large size-large wp-image-58903\" alt=\"Photo: Two men, Ryan and Harrison, smile as they stand outside in front of a Matrix Mechanical Group van. Both wear a black and red Matrix ball cap, a black golf shirt and black pants. Deux hommes, Ryan et Harrison, sont debouts devant un camion de Matrix Mechanical Group et sourissent. Ils portent un chapeau noir et rouge Both wear a black de Matrix Mechanical, un gilet noir et un pantalon noir.\" srcset=\"https:\/\/www.supportedemployment.ca\/wp-content\/uploads\/2024\/09\/Ryan-Harrison-Matrix-Mechanical.jpg 720w, https:\/\/www.supportedemployment.ca\/wp-content\/uploads\/2024\/09\/Ryan-Harrison-Matrix-Mechanical-300x208.jpg 300w, https:\/\/www.supportedemployment.ca\/wp-content\/uploads\/2024\/09\/Ryan-Harrison-Matrix-Mechanical-600x417.jpg 600w\" sizes=\"(max-width: 720px) 100vw, 720px\" \/>\t\t\t\t\t\t\t\t\t\t\t\t\t\t\t<\/div>\n\t\t\t\t<\/div>\n\t\t\t\t\t<\/div>\n\t\t<\/div>\n\t\t\t\t\t<\/div>\n\t\t<\/section>\n\t\t\t\t<section class=\"elementor-section elementor-top-section elementor-element elementor-element-b8da4ab elementor-section-boxed elementor-section-height-default elementor-section-height-default\" data-id=\"b8da4ab\" data-element_type=\"section\" data-e-type=\"section\">\n\t\t\t\t\t\t<div class=\"elementor-container elementor-column-gap-default\">\n\t\t\t\t\t<div class=\"elementor-column elementor-col-50 elementor-top-column elementor-element elementor-element-8a31978\" data-id=\"8a31978\" data-element_type=\"column\" data-e-type=\"column\" data-settings=\"{&quot;background_background&quot;:&quot;classic&quot;}\">\n\t\t\t<div class=\"elementor-widget-wrap elementor-element-populated\">\n\t\t\t\t\t\t<div class=\"elementor-element elementor-element-1320abd elementor-widget elementor-widget-text-editor\" data-id=\"1320abd\" data-element_type=\"widget\" data-e-type=\"widget\" data-widget_type=\"text-editor.default\">\n\t\t\t\t<div class=\"elementor-widget-container\">\n\t\t\t\t\t\t\t\t\t<p>\u201c\u00a0Matrix Mechanical a fait preuve d&#039;un d\u00e9vouement exceptionnel envers Ryan. Non seulement ils l&#039;ont emmen\u00e9 visiter diff\u00e9rents chantiers, mais ils lui ont aussi fait passer un entretien d&#039;embauche simul\u00e9 pour qu&#039;il s&#039;entra\u00eene et pour s&#039;assurer de lui trouver le mentor-e id\u00e9al. Je ne pouvais pas r\u00eaver d&#039;un employeur plus inclusif et soucieux de soutenir sa communaut\u00e9.\u00a0\u201d<\/p>\t\t\t\t\t\t\t\t<\/div>\n\t\t\t\t<\/div>\n\t\t\t\t<div class=\"elementor-element elementor-element-f664261 elementor-widget elementor-widget-text-editor\" data-id=\"f664261\" data-element_type=\"widget\" data-e-type=\"widget\" data-widget_type=\"text-editor.default\">\n\t\t\t\t<div class=\"elementor-widget-container\">\n\t\t\t\t\t\t\t\t\t<p style=\"text-align: right;\">Facilitateur de mentorat\u00a0<\/p>\t\t\t\t\t\t\t\t<\/div>\n\t\t\t\t<\/div>\n\t\t\t\t\t<\/div>\n\t\t<\/div>\n\t\t\t\t<div class=\"elementor-column elementor-col-50 elementor-top-column elementor-element elementor-element-7c822df\" data-id=\"7c822df\" data-element_type=\"column\" data-e-type=\"column\" data-settings=\"{&quot;background_background&quot;:&quot;classic&quot;}\">\n\t\t\t<div class=\"elementor-widget-wrap elementor-element-populated\">\n\t\t\t\t\t\t<div class=\"elementor-element elementor-element-47343ae elementor-widget elementor-widget-text-editor\" data-id=\"47343ae\" data-element_type=\"widget\" data-e-type=\"widget\" data-widget_type=\"text-editor.default\">\n\t\t\t\t<div class=\"elementor-widget-container\">\n\t\t\t\t\t\t\t\t\t<p>Photo ci-dessus\u00a0: Ryan est \u00e0 gauche et Harrison de Matrix Mechanical Group \u00e0 droite. Merci \u00e0 Jennifer Fox de Hire Potential pour l\u2019organisation de la s\u00e9ance photo\u00a0!<\/p>\t\t\t\t\t\t\t\t<\/div>\n\t\t\t\t<\/div>\n\t\t\t\t<div class=\"elementor-element elementor-element-f5247b2 elementor-align-center elementor-widget elementor-widget-button\" data-id=\"f5247b2\" data-element_type=\"widget\" data-e-type=\"widget\" data-widget_type=\"button.default\">\n\t\t\t\t<div class=\"elementor-widget-container\">\n\t\t\t\t\t\t\t\t\t<div class=\"elementor-button-wrapper\">\n\t\t\t\t\t<a class=\"elementor-button elementor-button-link elementor-size-sm\" href=\"https:\/\/www.supportedemployment.ca\/fr\/mentorability-experience-story-ryan\/\" target=\"_blank\">\n\t\t\t\t\t\t<span class=\"elementor-button-content-wrapper\">\n\t\t\t\t\t\t\t\t\t<span class=\"elementor-button-text\">Cliquez ici pour voir ce que Ryan a d\u00e9cid\u00e9 de faire. <\/span>\n\t\t\t\t\t<\/span>\n\t\t\t\t\t<\/a>\n\t\t\t\t<\/div>\n\t\t\t\t\t\t\t\t<\/div>\n\t\t\t\t<\/div>\n\t\t\t\t\t<\/div>\n\t\t<\/div>\n\t\t\t\t\t<\/div>\n\t\t<\/section>\n\t\t\t\t<section class=\"elementor-section elementor-top-section elementor-element elementor-element-95415cd elementor-section-boxed elementor-section-height-default elementor-section-height-default\" data-id=\"95415cd\" data-element_type=\"section\" data-e-type=\"section\">\n\t\t\t\t\t\t<div class=\"elementor-container elementor-column-gap-default\">\n\t\t\t\t\t<div class=\"elementor-column elementor-col-100 elementor-top-column elementor-element elementor-element-946ba54\" data-id=\"946ba54\" data-element_type=\"column\" data-e-type=\"column\">\n\t\t\t<div class=\"elementor-widget-wrap elementor-element-populated\">\n\t\t\t\t\t\t<div class=\"elementor-element elementor-element-18fa2b2 elementor-widget elementor-widget-heading\" data-id=\"18fa2b2\" data-element_type=\"widget\" data-e-type=\"widget\" data-widget_type=\"heading.default\">\n\t\t\t\t<div class=\"elementor-widget-container\">\n\t\t\t\t\t<h3 class=\"elementor-heading-title elementor-size-default\">Tous les participants b\u00e9n\u00e9ficient du programme de mentorat MentorHabilet\u00e9s . <\/h3>\t\t\t\t<\/div>\n\t\t\t\t<\/div>\n\t\t\t\t<div class=\"elementor-element elementor-element-f100ebb elementor-widget elementor-widget-text-editor\" data-id=\"f100ebb\" data-element_type=\"widget\" data-e-type=\"widget\" data-widget_type=\"text-editor.default\">\n\t\t\t\t<div class=\"elementor-widget-container\">\n\t\t\t\t\t\t\t\t\t<p>Ces deux mentorats ont permis \u00e0 Ryan d&#039;obtenir les informations n\u00e9cessaires pour d\u00e9cider s&#039;il souhaitait se lancer dans la plomberie. Et les mentorats de MentorHabilet\u00e9s offrent bien plus encore.<\/p>\t\t\t\t\t\t\t\t<\/div>\n\t\t\t\t<\/div>\n\t\t\t\t\t<\/div>\n\t\t<\/div>\n\t\t\t\t\t<\/div>\n\t\t<\/section>\n\t\t\t\t<section class=\"elementor-section elementor-top-section elementor-element elementor-element-05b8f64 elementor-section-boxed elementor-section-height-default elementor-section-height-default\" data-id=\"05b8f64\" data-element_type=\"section\" data-e-type=\"section\">\n\t\t\t\t\t\t<div class=\"elementor-container elementor-column-gap-default\">\n\t\t\t\t\t<div class=\"elementor-column elementor-col-50 elementor-top-column elementor-element elementor-element-70dbac7\" data-id=\"70dbac7\" data-element_type=\"column\" data-e-type=\"column\" data-settings=\"{&quot;background_background&quot;:&quot;classic&quot;}\">\n\t\t\t<div class=\"elementor-widget-wrap elementor-element-populated\">\n\t\t\t\t\t\t<div class=\"elementor-element elementor-element-305b808 elementor-widget elementor-widget-text-editor\" data-id=\"305b808\" data-element_type=\"widget\" data-e-type=\"widget\" data-widget_type=\"text-editor.default\">\n\t\t\t\t<div class=\"elementor-widget-container\">\n\t\t\t\t\t\t\t\t\t<p><span style=\"color: var( --e-global-color-text ); font-family: var( --e-global-typography-text-font-family ), Sans-serif; font-size: var( --e-global-typography-text-font-size ); font-weight: bold;\">Mentor\u00e9\u2219e\u2219s<\/span><span style=\"color: var( --e-global-color-text ); font-family: var( --e-global-typography-text-font-family ), Sans-serif; font-size: var( --e-global-typography-text-font-size ); font-weight: var( --e-global-typography-text-font-weight );\">&nbsp;<\/span><span style=\"color: var( --e-global-color-text ); font-family: var( --e-global-typography-text-font-family ), Sans-serif; font-size: var( --e-global-typography-text-font-size ); font-weight: var( --e-global-typography-text-font-weight );\">\u00e9tablir des contacts professionnels et accro\u00eetre leur estime de soi, tout en acqu\u00e9rant une meilleure compr\u00e9hension des prochaines \u00e9tapes de leur emploi ou de leur carri\u00e8re.<\/span><\/p>\t\t\t\t\t\t\t\t<\/div>\n\t\t\t\t<\/div>\n\t\t\t\t\t<\/div>\n\t\t<\/div>\n\t\t\t\t<div class=\"elementor-column elementor-col-50 elementor-top-column elementor-element elementor-element-6b20b17\" data-id=\"6b20b17\" data-element_type=\"column\" data-e-type=\"column\" data-settings=\"{&quot;background_background&quot;:&quot;classic&quot;}\">\n\t\t\t<div class=\"elementor-widget-wrap elementor-element-populated\">\n\t\t\t\t\t\t<div class=\"elementor-element elementor-element-e7a1bcb elementor-widget elementor-widget-text-editor\" data-id=\"e7a1bcb\" data-element_type=\"widget\" data-e-type=\"widget\" data-widget_type=\"text-editor.default\">\n\t\t\t\t<div class=\"elementor-widget-container\">\n\t\t\t\t\t\t\t\t\t<p><b>Mentors et employeurs <\/b>Acqu\u00e9rir des connaissances sur l&#039;inclusion des personnes handicap\u00e9es et nouer des contacts avec des fournisseurs de services d&#039;emploi. Des \u00e9v\u00e9nements de r\u00e9seautage permettent aux employeurs d&#039;\u00e9changer sur leurs d\u00e9fis et leurs r\u00e9ussites.\u00a0<\/p>\t\t\t\t\t\t\t\t<\/div>\n\t\t\t\t<\/div>\n\t\t\t\t\t<\/div>\n\t\t<\/div>\n\t\t\t\t\t<\/div>\n\t\t<\/section>\n\t\t\t\t<section class=\"elementor-section elementor-top-section elementor-element elementor-element-0234642 elementor-section-boxed elementor-section-height-default elementor-section-height-default\" data-id=\"0234642\" data-element_type=\"section\" data-e-type=\"section\">\n\t\t\t\t\t\t<div class=\"elementor-container elementor-column-gap-default\">\n\t\t\t\t\t<div class=\"elementor-column elementor-col-50 elementor-top-column elementor-element elementor-element-38c4cd1\" data-id=\"38c4cd1\" data-element_type=\"column\" data-e-type=\"column\" data-settings=\"{&quot;background_background&quot;:&quot;classic&quot;}\">\n\t\t\t<div class=\"elementor-widget-wrap elementor-element-populated\">\n\t\t\t\t\t\t<div class=\"elementor-element elementor-element-a1a9259 elementor-widget elementor-widget-text-editor\" data-id=\"a1a9259\" data-element_type=\"widget\" data-e-type=\"widget\" data-widget_type=\"text-editor.default\">\n\t\t\t\t<div class=\"elementor-widget-container\">\n\t\t\t\t\t\t\t\t\t<p><b>facilitateurs de mentorat <\/b>Acqu\u00e9rir un outil d&#039;exploration de carri\u00e8re, \u00e9largir ses r\u00e9seaux professionnels et commerciaux, et apprendre \u00e0 mobiliser les employeurs et \u00e0 communiquer les avantages de l&#039;embauche de personnes handicap\u00e9es.\u00a0<\/p>\t\t\t\t\t\t\t\t<\/div>\n\t\t\t\t<\/div>\n\t\t\t\t\t<\/div>\n\t\t<\/div>\n\t\t\t\t<div class=\"elementor-column elementor-col-50 elementor-top-column elementor-element elementor-element-7723c9b\" data-id=\"7723c9b\" data-element_type=\"column\" data-e-type=\"column\" data-settings=\"{&quot;background_background&quot;:&quot;classic&quot;}\">\n\t\t\t<div class=\"elementor-widget-wrap elementor-element-populated\">\n\t\t\t\t\t\t<div class=\"elementor-element elementor-element-7ce0075 elementor-widget elementor-widget-text-editor\" data-id=\"7ce0075\" data-element_type=\"widget\" data-e-type=\"widget\" data-widget_type=\"text-editor.default\">\n\t\t\t\t<div class=\"elementor-widget-container\">\n\t\t\t\t\t\t\t\t\t<p><b>communaut\u00e9s <\/b>obtenir des lieux de travail inclusifs, l&#039;\u00e9nergie et la cr\u00e9ativit\u00e9 d&#039;un plus grand nombre de main-d&#039;\u0153uvre, et des r\u00e9seaux et des soutiens sociaux et \u00e9conomiques renforc\u00e9s.\u00a0<\/p>\t\t\t\t\t\t\t\t<\/div>\n\t\t\t\t<\/div>\n\t\t\t\t\t<\/div>\n\t\t<\/div>\n\t\t\t\t\t<\/div>\n\t\t<\/section>\n\t\t\t\t<section class=\"elementor-section elementor-top-section elementor-element elementor-element-36fff47 elementor-section-boxed elementor-section-height-default elementor-section-height-default\" data-id=\"36fff47\" data-element_type=\"section\" data-e-type=\"section\">\n\t\t\t\t\t\t<div class=\"elementor-container elementor-column-gap-default\">\n\t\t\t\t\t<div class=\"elementor-column elementor-col-100 elementor-top-column elementor-element elementor-element-1349631\" data-id=\"1349631\" data-element_type=\"column\" data-e-type=\"column\">\n\t\t\t<div class=\"elementor-widget-wrap elementor-element-populated\">\n\t\t\t\t\t\t<div class=\"elementor-element elementor-element-e1fc2f1 elementor-widget elementor-widget-heading\" data-id=\"e1fc2f1\" data-element_type=\"widget\" data-e-type=\"widget\" data-widget_type=\"heading.default\">\n\t\t\t\t<div class=\"elementor-widget-container\">\n\t\t\t\t\t<h3 class=\"elementor-heading-title elementor-size-default\">MentorHabilet\u00e9s: Bien plus que le nombre de mentorats <\/h3>\t\t\t\t<\/div>\n\t\t\t\t<\/div>\n\t\t\t\t\t<\/div>\n\t\t<\/div>\n\t\t\t\t\t<\/div>\n\t\t<\/section>\n\t\t\t\t<section class=\"elementor-section elementor-top-section elementor-element elementor-element-5f57aa1 elementor-section-boxed elementor-section-height-default elementor-section-height-default\" data-id=\"5f57aa1\" data-element_type=\"section\" data-e-type=\"section\">\n\t\t\t\t\t\t<div class=\"elementor-container elementor-column-gap-default\">\n\t\t\t\t\t<div class=\"elementor-column elementor-col-100 elementor-top-column elementor-element elementor-element-5b267b6\" data-id=\"5b267b6\" data-element_type=\"column\" data-e-type=\"column\">\n\t\t\t<div class=\"elementor-widget-wrap elementor-element-populated\">\n\t\t\t\t\t\t<div class=\"elementor-element elementor-element-956fe62 elementor-widget elementor-widget-text-editor\" data-id=\"956fe62\" data-element_type=\"widget\" data-e-type=\"widget\" data-widget_type=\"text-editor.default\">\n\t\t\t\t<div class=\"elementor-widget-container\">\n\t\t\t\t\t\t\t\t\t<p>MentorHabilet\u00e9s Canada, c\u2019est bien plus qu\u2019un simple nombre de mentorats. MentorHabilet\u00e9s incarne la passion et l\u2019\u00e9nergie de tous les fournisseurs de services et employeurs qui promeuvent le mentorat depuis 2019.<\/p><p>Gr\u00e2ce au programme de mentorat MentorHabilet\u00e9s , tous les employeurs et mentors ont d\u00e9montr\u00e9 au fil des ans qu&#039;ils valorisent l&#039;int\u00e9r\u00eat et les comp\u00e9tences que les personnes handicap\u00e9es apportent \u00e0 leurs secteurs et \u00e0 leurs communaut\u00e9s.<\/p><p>Les centres MentorHabilet\u00e9s et leurs partenaires, ainsi que des centaines de fournisseurs locaux de services soutien \u00e0 l&#039;emploi partout au Canada, ont investi dans MentorHabilet\u00e9s. Ils ont contribu\u00e9 \u00e0 accro\u00eetre l&#039;inclusion dans leurs communaut\u00e9s et \u00e0 renforcer les r\u00e9seaux et les soutiens sociaux et \u00e9conomiques pour les personnes handicap\u00e9es.\u00a0<\/p>\t\t\t\t\t\t\t\t<\/div>\n\t\t\t\t<\/div>\n\t\t\t\t<div class=\"elementor-element elementor-element-f930015 elementor-widget elementor-widget-heading\" data-id=\"f930015\" data-element_type=\"widget\" data-e-type=\"widget\" data-widget_type=\"heading.default\">\n\t\t\t\t<div class=\"elementor-widget-container\">\n\t\t\t\t\t<h3 class=\"elementor-heading-title elementor-size-default\">Joignez-vous \u00e0 nous pour c\u00e9l\u00e9brer cette \u00e9tape importante !<\/h3>\t\t\t\t<\/div>\n\t\t\t\t<\/div>\n\t\t\t\t\t<\/div>\n\t\t<\/div>\n\t\t\t\t\t<\/div>\n\t\t<\/section>\n\t\t\t\t<section class=\"elementor-section elementor-top-section elementor-element elementor-element-456f670 elementor-section-boxed elementor-section-height-default elementor-section-height-default\" data-id=\"456f670\" data-element_type=\"section\" data-e-type=\"section\">\n\t\t\t\t\t\t<div class=\"elementor-container elementor-column-gap-default\">\n\t\t\t\t\t<div class=\"elementor-column elementor-col-50 elementor-top-column elementor-element elementor-element-536f73c\" data-id=\"536f73c\" data-element_type=\"column\" data-e-type=\"column\">\n\t\t\t<div class=\"elementor-widget-wrap elementor-element-populated\">\n\t\t\t\t\t\t<div class=\"elementor-element elementor-element-0a45b79 elementor-widget elementor-widget-text-editor\" data-id=\"0a45b79\" data-element_type=\"widget\" data-e-type=\"widget\" data-widget_type=\"text-editor.default\">\n\t\t\t\t<div class=\"elementor-widget-container\">\n\t\t\t\t\t\t\t\t\t<p>Merci pour votre engagement envers MentorHabilet\u00e9s et pour avoir partag\u00e9 le pouvoir de transformer le d\u00e9veloppement de carri\u00e8re des personnes handicap\u00e9es, ce qui a permis d&#039;atteindre cette \u00e9tape incroyable.<\/p>\t\t\t\t\t\t\t\t<\/div>\n\t\t\t\t<\/div>\n\t\t\t\t\t<\/div>\n\t\t<\/div>\n\t\t\t\t<div class=\"elementor-column elementor-col-50 elementor-top-column elementor-element elementor-element-d003cae\" data-id=\"d003cae\" data-element_type=\"column\" data-e-type=\"column\">\n\t\t\t<div class=\"elementor-widget-wrap elementor-element-populated\">\n\t\t\t\t\t\t<div class=\"elementor-element elementor-element-c7948e8 elementor-widget elementor-widget-heading\" data-id=\"c7948e8\" data-element_type=\"widget\" data-e-type=\"widget\" data-widget_type=\"heading.default\">\n\t\t\t\t<div class=\"elementor-widget-container\">\n\t\t\t\t\t<h1 class=\"elementor-heading-title elementor-size-default\">Merci!!<\/h1>\t\t\t\t<\/div>\n\t\t\t\t<\/div>\n\t\t\t\t\t<\/div>\n\t\t<\/div>\n\t\t\t\t\t<\/div>\n\t\t<\/section>\n\t\t\t\t<\/div>","protected":false},"excerpt":{"rendered":"<p>Pour la version fran\u00e7aise de cet article,\u00a0veuillez cliquer ici.\u00a0\u00a0|\u00a0 For the French version of this post,\u00a0please click here. It All Began with the Notion of Conversations In 2015, CASE board [&hellip;]<\/p>\n","protected":false},"author":269,"featured_media":0,"comment_status":"closed","ping_status":"closed","sticky":false,"template":"","format":"standard","meta":{"_acf_changed":false,"footnotes":""},"categories":[356,43,1],"tags":[66,352,376],"class_list":["post-58900","post","type-post","status-publish","format-standard","hentry","category-mentorability","category-news","category-uncategorized","tag-mentorability","tag-mentoring","tag-mentorship"],"acf":[],"_links":{"self":[{"href":"https:\/\/www.supportedemployment.ca\/fr\/wp-json\/wp\/v2\/posts\/58900","targetHints":{"allow":["GET"]}}],"collection":[{"href":"https:\/\/www.supportedemployment.ca\/fr\/wp-json\/wp\/v2\/posts"}],"about":[{"href":"https:\/\/www.supportedemployment.ca\/fr\/wp-json\/wp\/v2\/types\/post"}],"author":[{"embeddable":true,"href":"https:\/\/www.supportedemployment.ca\/fr\/wp-json\/wp\/v2\/users\/269"}],"replies":[{"embeddable":true,"href":"https:\/\/www.supportedemployment.ca\/fr\/wp-json\/wp\/v2\/comments?post=58900"}],"version-history":[{"count":0,"href":"https:\/\/www.supportedemployment.ca\/fr\/wp-json\/wp\/v2\/posts\/58900\/revisions"}],"wp:attachment":[{"href":"https:\/\/www.supportedemployment.ca\/fr\/wp-json\/wp\/v2\/media?parent=58900"}],"wp:term":[{"taxonomy":"category","embeddable":true,"href":"https:\/\/www.supportedemployment.ca\/fr\/wp-json\/wp\/v2\/categories?post=58900"},{"taxonomy":"post_tag","embeddable":true,"href":"https:\/\/www.supportedemployment.ca\/fr\/wp-json\/wp\/v2\/tags?post=58900"}],"curies":[{"name":"wp","href":"https:\/\/api.w.org\/{rel}","templated":true}]}}