{"id":58880,"date":"2024-09-23T14:01:50","date_gmt":"2024-09-23T18:01:50","guid":{"rendered":"https:\/\/www.supportedemployment.ca\/?p=58880"},"modified":"2024-09-23T14:47:54","modified_gmt":"2024-09-23T18:47:54","slug":"hub-highlight-mentorability-ontario","status":"publish","type":"post","link":"https:\/\/www.supportedemployment.ca\/fr\/hub-highlight-mentorability-ontario\/","title":{"rendered":"Plein les projecteurs \u2013 MentorAbility Ontario"},"content":{"rendered":"<div data-elementor-type=\"wp-post\" data-elementor-id=\"58880\" class=\"elementor elementor-58880\" data-elementor-post-type=\"post\">\n\t\t\t\t\t\t<section class=\"elementor-section elementor-top-section elementor-element elementor-element-675f9f1 elementor-section-boxed elementor-section-height-default elementor-section-height-default\" data-id=\"675f9f1\" data-element_type=\"section\" data-e-type=\"section\">\n\t\t\t\t\t\t<div class=\"elementor-container elementor-column-gap-default\">\n\t\t\t\t\t<div class=\"elementor-column elementor-col-100 elementor-top-column elementor-element elementor-element-3188773\" data-id=\"3188773\" data-element_type=\"column\" data-e-type=\"column\">\n\t\t\t<div class=\"elementor-widget-wrap elementor-element-populated\">\n\t\t\t\t\t\t<div class=\"elementor-element elementor-element-c601632 elementor-widget elementor-widget-heading\" data-id=\"c601632\" data-element_type=\"widget\" data-e-type=\"widget\" data-widget_type=\"heading.default\">\n\t\t\t\t<div class=\"elementor-widget-container\">\n\t\t\t\t\t<h2 class=\"elementor-heading-title elementor-size-default\">S\u00e9rie des moments forts du p\u00f4le MentorAbility Canada<\/h2>\t\t\t\t<\/div>\n\t\t\t\t<\/div>\n\t\t\t\t\t<\/div>\n\t\t<\/div>\n\t\t\t\t\t<\/div>\n\t\t<\/section>\n\t\t\t\t<section class=\"elementor-section elementor-top-section elementor-element elementor-element-494cba3 elementor-section-boxed elementor-section-height-default elementor-section-height-default\" data-id=\"494cba3\" data-element_type=\"section\" data-e-type=\"section\">\n\t\t\t\t\t\t<div class=\"elementor-container elementor-column-gap-default\">\n\t\t\t\t\t<div class=\"elementor-column elementor-col-100 elementor-top-column elementor-element elementor-element-1aabcd8\" data-id=\"1aabcd8\" data-element_type=\"column\" data-e-type=\"column\" data-settings=\"{&quot;background_background&quot;:&quot;classic&quot;}\">\n\t\t\t<div class=\"elementor-widget-wrap elementor-element-populated\">\n\t\t\t\t\t\t<div class=\"elementor-element elementor-element-bd0d5dd elementor-widget elementor-widget-text-editor\" data-id=\"bd0d5dd\" data-element_type=\"widget\" data-e-type=\"widget\" data-widget_type=\"text-editor.default\">\n\t\t\t\t<div class=\"elementor-widget-container\">\n\t\t\t\t\t\t\t\t\t<p>Chaque mois, MentorAbility Canada pr\u00e9sente fi\u00e8rement l'un de ses partenaires de mise en \u0153uvre. Il s'agit des coordonnateurs de MentorAbility, ces artisans de l'ombre qui accomplissent leurs t\u00e2ches en toute discr\u00e9tion pour que les chercheurs d'emploi, les employeurs et les fournisseurs de services puissent briller sous les feux de la rampe.<\/p>\t\t\t\t\t\t\t\t<\/div>\n\t\t\t\t<\/div>\n\t\t\t\t<div class=\"elementor-element elementor-element-478ce1c elementor-widget elementor-widget-text-editor\" data-id=\"478ce1c\" data-element_type=\"widget\" data-e-type=\"widget\" data-widget_type=\"text-editor.default\">\n\t\t\t\t<div class=\"elementor-widget-container\">\n\t\t\t\t\t\t\t\t\t<p style=\"text-align: center;\"><span style=\"font-weight: bold; background-color: var( --e-global-color-e3e8097 ); color: var( --e-global-color-text ); font-family: var( --e-global-typography-text-font-family ), Sans-serif; font-size: var( --e-global-typography-text-font-size );\">Pour la version fran\u00e7aise de cet article<\/span><b><span style=\"background-color: var( --e-global-color-e3e8097 ); color: var( --e-global-color-text ); font-family: var( --e-global-typography-text-font-family ), Sans-serif; font-size: var( --e-global-typography-text-font-size );\">,<\/span><span style=\"background-color: var( --e-global-color-e3e8097 ); color: var( --e-global-color-text ); font-family: var( --e-global-typography-text-font-family ), Sans-serif; font-size: var( --e-global-typography-text-font-size );\">\u00a0<\/span><\/b><a href=\"https:\/\/www.supportedemployment.ca\/fr\/lumiere-sur-mentorhabiletes-ontario\/\">Veuillez cliquer ici<\/a><strong>.<\/strong><\/p><p style=\"text-align: center;\"><span style=\"font-weight: bolder;\">Pour la version <\/span><b>fran\u00e7aise\u00a0<\/b><span style=\"font-weight: bolder;\">de cet article<\/span><b>e,\u00a0<\/b><a href=\"https:\/\/www.supportedemployment.ca\/fr\/lumiere-sur-mentorhabiletes-ontario\/\">veuillez cliquer ici<\/a><b style=\"background-color: var( --e-global-color-e3e8097 ); color: var( --e-global-color-text ); font-family: var( --e-global-typography-text-font-family ), Sans-serif; font-size: var( --e-global-typography-text-font-size );\"><span style=\"font-family: Calibri, sans-serif; background-color: var( --e-global-color-e3e8097 ); color: var( --e-global-color-text ); font-size: var( --e-global-typography-text-font-size );\">.<\/span><\/b><\/p>\t\t\t\t\t\t\t\t<\/div>\n\t\t\t\t<\/div>\n\t\t\t\t\t<\/div>\n\t\t<\/div>\n\t\t\t\t\t<\/div>\n\t\t<\/section>\n\t\t\t\t<section class=\"elementor-section elementor-top-section elementor-element elementor-element-84d12bd elementor-section-boxed elementor-section-height-default elementor-section-height-default\" data-id=\"84d12bd\" data-element_type=\"section\" data-e-type=\"section\">\n\t\t\t\t\t\t<div class=\"elementor-container elementor-column-gap-default\">\n\t\t\t\t\t<div class=\"elementor-column elementor-col-100 elementor-top-column elementor-element elementor-element-b311d43\" data-id=\"b311d43\" data-element_type=\"column\" data-e-type=\"column\">\n\t\t\t<div class=\"elementor-widget-wrap elementor-element-populated\">\n\t\t\t\t\t\t<div class=\"elementor-element elementor-element-e8f603b elementor-widget elementor-widget-heading\" data-id=\"e8f603b\" data-element_type=\"widget\" data-e-type=\"widget\" data-widget_type=\"heading.default\">\n\t\t\t\t<div class=\"elementor-widget-container\">\n\t\t\t\t\t<h2 class=\"elementor-heading-title elementor-size-default\">MentorHabilet\u00e9s Ontario : <br>Collaboration et adaptation pour l&#039;inclusion dans un paysage dynamique <\/h2>\t\t\t\t<\/div>\n\t\t\t\t<\/div>\n\t\t\t\t\t<\/div>\n\t\t<\/div>\n\t\t\t\t\t<\/div>\n\t\t<\/section>\n\t\t\t\t<section class=\"elementor-section elementor-top-section elementor-element elementor-element-56fa886 elementor-section-boxed elementor-section-height-default elementor-section-height-default\" data-id=\"56fa886\" data-element_type=\"section\" data-e-type=\"section\">\n\t\t\t\t\t\t<div class=\"elementor-container elementor-column-gap-default\">\n\t\t\t\t\t<div class=\"elementor-column elementor-col-50 elementor-top-column elementor-element elementor-element-1946018\" data-id=\"1946018\" data-element_type=\"column\" data-e-type=\"column\">\n\t\t\t<div class=\"elementor-widget-wrap elementor-element-populated\">\n\t\t\t\t\t\t<div class=\"elementor-element elementor-element-a0e5bdd elementor-widget elementor-widget-text-editor\" data-id=\"a0e5bdd\" data-element_type=\"widget\" data-e-type=\"widget\" data-widget_type=\"text-editor.default\">\n\t\t\t\t<div class=\"elementor-widget-container\">\n\t\t\t\t\t\t\t\t\t<p>En Ontario, province en constante \u00e9volution, le march\u00e9 du travail se transforme rapidement. Dans ce contexte, MentorHabilet\u00e9s Ontario se distingue comme un acteur cl\u00e9 de la promotion de l&#039;inclusion des personnes handicap\u00e9es. Gr\u00e2ce \u00e0 des partenariats strat\u00e9giques et \u00e0 une \u00e9quipe d\u00e9vou\u00e9e, le programme facilite des liens significatifs qui transforment des vies et des milieux de travail.<\/p>\t\t\t\t\t\t\t\t<\/div>\n\t\t\t\t<\/div>\n\t\t\t\t<div class=\"elementor-element elementor-element-54c841d elementor-widget elementor-widget-heading\" data-id=\"54c841d\" data-element_type=\"widget\" data-e-type=\"widget\" data-widget_type=\"heading.default\">\n\t\t\t\t<div class=\"elementor-widget-container\">\n\t\t\t\t\t<h3 class=\"elementor-heading-title elementor-size-default\">Collaboration pour une base solide <\/h3>\t\t\t\t<\/div>\n\t\t\t\t<\/div>\n\t\t\t\t<div class=\"elementor-element elementor-element-55fdfd4 elementor-widget__width-initial elementor-widget elementor-widget-text-editor\" data-id=\"55fdfd4\" data-element_type=\"widget\" data-e-type=\"widget\" data-widget_type=\"text-editor.default\">\n\t\t\t\t<div class=\"elementor-widget-container\">\n\t\t\t\t\t\t\t\t\t<p>La collaboration de MentorAbility avec March of Dimes Canada (MODC) et le R\u00e9seau ontarien pour l\u2019emploi des personnes handicap\u00e9es (ODEN) joue un r\u00f4le essentiel dans la coordination de cette initiative en Ontario. Ce partenariat favorise des \u00e9changes constructifs, des analyses approfondies des strat\u00e9gies de mobilisation des employeurs et la recherche de solutions novatrices pour promouvoir l\u2019inclusion.\u00a0<\/p><p>Chaque province pr\u00e9sente ses propres d\u00e9fis et opportunit\u00e9s, et MODC et ODEN veillent \u00e0 ce que MentorHabilet\u00e9s Ontario soit adapt\u00e9 aux besoins sp\u00e9cifiques de la r\u00e9gion.\u00a0<\/p>\t\t\t\t\t\t\t\t<\/div>\n\t\t\t\t<\/div>\n\t\t\t\t\t<\/div>\n\t\t<\/div>\n\t\t\t\t<div class=\"elementor-column elementor-col-50 elementor-top-column elementor-element elementor-element-19755c3\" data-id=\"19755c3\" data-element_type=\"column\" data-e-type=\"column\">\n\t\t\t<div class=\"elementor-widget-wrap elementor-element-populated\">\n\t\t\t\t\t\t<div class=\"elementor-element elementor-element-81d1bb9 elementor-widget elementor-widget-image\" data-id=\"81d1bb9\" data-element_type=\"widget\" data-e-type=\"widget\" data-widget_type=\"image.default\">\n\t\t\t\t<div class=\"elementor-widget-container\">\n\t\t\t\t\t\t\t\t\t\t\t\t\t\t\t<img decoding=\"async\" src=\"https:\/\/www.supportedemployment.ca\/wp-content\/uploads\/elementor\/thumbs\/Hub-highight_ON-quchyxexpm9oq02ak8xwgsdic1oqu65e18yiix4kn8.jpg\" title=\"Hub highlight_ON\" alt=\"Hub Highlight MentorAbility Ontario. March Dimes Canada. ODEN. Lumi\u00e8re sur MentorHabilet\u00e9s Ontario. La Marche des dix sous du Canada. ODEN. ACSE. Gouvernement du Canada. CASE. Government of Canada.\" loading=\"lazy\" \/>\t\t\t\t\t\t\t\t\t\t\t\t\t\t\t<\/div>\n\t\t\t\t<\/div>\n\t\t\t\t\t<\/div>\n\t\t<\/div>\n\t\t\t\t\t<\/div>\n\t\t<\/section>\n\t\t\t\t<section class=\"elementor-section elementor-top-section elementor-element elementor-element-5a7bc5b elementor-section-boxed elementor-section-height-default elementor-section-height-default\" data-id=\"5a7bc5b\" data-element_type=\"section\" data-e-type=\"section\">\n\t\t\t\t\t\t<div class=\"elementor-container elementor-column-gap-default\">\n\t\t\t\t\t<div class=\"elementor-column elementor-col-100 elementor-top-column elementor-element elementor-element-2a51ee1\" data-id=\"2a51ee1\" data-element_type=\"column\" data-e-type=\"column\">\n\t\t\t<div class=\"elementor-widget-wrap elementor-element-populated\">\n\t\t\t\t\t\t<div class=\"elementor-element elementor-element-3dd957c elementor-widget elementor-widget-heading\" data-id=\"3dd957c\" data-element_type=\"widget\" data-e-type=\"widget\" data-widget_type=\"heading.default\">\n\t\t\t\t<div class=\"elementor-widget-container\">\n\t\t\t\t\t<h3 class=\"elementor-heading-title elementor-size-default\">R\u00e9unions mensuelles : un espace d&#039;\u00e9change et de d\u00e9veloppement <\/h3>\t\t\t\t<\/div>\n\t\t\t\t<\/div>\n\t\t\t\t<div class=\"elementor-element elementor-element-fcf93e9 elementor-widget elementor-widget-text-editor\" data-id=\"fcf93e9\" data-element_type=\"widget\" data-e-type=\"widget\" data-widget_type=\"text-editor.default\">\n\t\t\t\t<div class=\"elementor-widget-container\">\n\t\t\t\t\t\t\t\t\t<p>Le p\u00f4le MentorHabilet\u00e9s Ontario organise des r\u00e9unions mensuelles avec ses partenaires prestataire de services . Ces r\u00e9unions offrent un espace d&#039;\u00e9change, de partage de connaissances et de r\u00e9solution collective de probl\u00e8mes. L&#039;\u00e9quipe s&#039;engage \u00e0 fournir un soutien continu, \u00e0 donner acc\u00e8s \u00e0 des formations et \u00e0 partager les derni\u00e8res informations sur les projets, favorisant ainsi un sentiment d&#039;appartenance et un objectif commun parmi ses partenaires.<\/p>\t\t\t\t\t\t\t\t<\/div>\n\t\t\t\t<\/div>\n\t\t\t\t<div class=\"elementor-element elementor-element-a1c94de elementor-widget elementor-widget-heading\" data-id=\"a1c94de\" data-element_type=\"widget\" data-e-type=\"widget\" data-widget_type=\"heading.default\">\n\t\t\t\t<div class=\"elementor-widget-container\">\n\t\t\t\t\t<h5 class=\"elementor-heading-title elementor-size-default\">\u201c\u00a0Participer au projet MentorHabilet\u00e9s Canada est une exp\u00e9rience enrichissante, car il favorise des liens significatifs, ouvre des perspectives d\u2019emploi et promeut l\u2019inclusion. C\u2019est gratifiant de constater directement l\u2019impact du mentorat sur l\u2019\u00e9panouissement des talents diversifi\u00e9s et la cr\u00e9ation d\u2019opportunit\u00e9s inclusives.\u00a0\u201d<\/h5>\t\t\t\t<\/div>\n\t\t\t\t<\/div>\n\t\t\t\t<div class=\"elementor-element elementor-element-92a3629 elementor-widget elementor-widget-heading\" data-id=\"92a3629\" data-element_type=\"widget\" data-e-type=\"widget\" data-widget_type=\"heading.default\">\n\t\t\t\t<div class=\"elementor-widget-container\">\n\t\t\t\t\t<h5 class=\"elementor-heading-title elementor-size-default\">Julia Douglas, coordinatrice du programme MentorHabilet\u00e9s au MODC<\/h5>\t\t\t\t<\/div>\n\t\t\t\t<\/div>\n\t\t\t\t<div class=\"elementor-element elementor-element-7dc7b02 elementor-widget elementor-widget-heading\" data-id=\"7dc7b02\" data-element_type=\"widget\" data-e-type=\"widget\" data-widget_type=\"heading.default\">\n\t\t\t\t<div class=\"elementor-widget-container\">\n\t\t\t\t\t<h3 class=\"elementor-heading-title elementor-size-default\">Une situation gagnant-gagnant pour Doug et OpenText <\/h3>\t\t\t\t<\/div>\n\t\t\t\t<\/div>\n\t\t\t\t<div class=\"elementor-element elementor-element-bea7b26 elementor-widget elementor-widget-text-editor\" data-id=\"bea7b26\" data-element_type=\"widget\" data-e-type=\"widget\" data-widget_type=\"text-editor.default\">\n\t\t\t\t<div class=\"elementor-widget-container\">\n\t\t\t\t\t\t\t\t\t<p>L&#039;histoire de Doug illustre parfaitement le pouvoir transformateur du mentorat. Gr\u00e2ce \u00e0 MentorHabilet\u00e9s, Doug a rencontr\u00e9 un mentor-e chez OpenText, qui l&#039;a guid\u00e9 et encourag\u00e9 \u00e0 postuler \u00e0 un poste au sein de l&#039;entreprise.\u00a0\u00a0<\/p><p>Aujourd&#039;hui, Doug travaille avec succ\u00e8s comme coordonnateur de facturation chez OpenText depuis plus de trois ans, ce qui t\u00e9moigne de l&#039;efficacit\u00e9 du programme. L&#039;impact est \u00e9galement manifeste pour OpenText, qui continue de participer activement \u00e0 MentorHabilet\u00e9s et a int\u00e9gr\u00e9 le programme \u00e0 son rapport annuel sur la responsabilit\u00e9 sociale des entreprises.\u00a0<\/p>\t\t\t\t\t\t\t\t<\/div>\n\t\t\t\t<\/div>\n\t\t\t\t<div class=\"elementor-element elementor-element-b5eab1a elementor-widget elementor-widget-heading\" data-id=\"b5eab1a\" data-element_type=\"widget\" data-e-type=\"widget\" data-widget_type=\"heading.default\">\n\t\t\t\t<div class=\"elementor-widget-container\">\n\t\t\t\t\t<h3 class=\"elementor-heading-title elementor-size-default\">Adaptation continue \u00e0 un paysage dynamique <\/h3>\t\t\t\t<\/div>\n\t\t\t\t<\/div>\n\t\t\t\t<div class=\"elementor-element elementor-element-3a89887 elementor-widget elementor-widget-text-editor\" data-id=\"3a89887\" data-element_type=\"widget\" data-e-type=\"widget\" data-widget_type=\"text-editor.default\">\n\t\t\t\t<div class=\"elementor-widget-container\">\n\t\t\t\t\t\t\t\t\t<p>Les coordonnatrices de MentorHabilet\u00e9s Ontario, Julia Douglas et Lisa Livingston de MODC et Jodi Delage d&#039;ODEN, ma\u00eetrisent parfaitement le paysage complexe et en constante \u00e9volution des services d&#039;emploi en Ontario. Elles comprennent les d\u00e9fis sp\u00e9cifiques d&#039;un contexte socio-\u00e9conomique dynamique et s&#039;adaptent continuellement pour assurer un soutien continu aux fournisseurs de services. Leur engagement \u00e0 favoriser la participation et \u00e0 fournir des ressources pertinentes et opportunes \u00e0 leur r\u00e9seau est essentiel au succ\u00e8s du programme.\u00a0<\/p>\t\t\t\t\t\t\t\t<\/div>\n\t\t\t\t<\/div>\n\t\t\t\t\t<\/div>\n\t\t<\/div>\n\t\t\t\t\t<\/div>\n\t\t<\/section>\n\t\t\t\t<section class=\"elementor-section elementor-top-section elementor-element elementor-element-d610b48 elementor-section-boxed elementor-section-height-default elementor-section-height-default\" data-id=\"d610b48\" data-element_type=\"section\" data-e-type=\"section\">\n\t\t\t\t\t\t<div class=\"elementor-container elementor-column-gap-default\">\n\t\t\t\t\t<div class=\"elementor-column elementor-col-50 elementor-top-column elementor-element elementor-element-dd5775f\" data-id=\"dd5775f\" data-element_type=\"column\" data-e-type=\"column\">\n\t\t\t<div class=\"elementor-widget-wrap elementor-element-populated\">\n\t\t\t\t\t\t<div class=\"elementor-element elementor-element-24626f1 elementor-widget elementor-widget-heading\" data-id=\"24626f1\" data-element_type=\"widget\" data-e-type=\"widget\" data-widget_type=\"heading.default\">\n\t\t\t\t<div class=\"elementor-widget-container\">\n\t\t\t\t\t<h3 class=\"elementor-heading-title elementor-size-default\">Une vision ambitieuse pour l&#039;avenir <\/h3>\t\t\t\t<\/div>\n\t\t\t\t<\/div>\n\t\t\t\t<div class=\"elementor-element elementor-element-500f64a elementor-widget elementor-widget-text-editor\" data-id=\"500f64a\" data-element_type=\"widget\" data-e-type=\"widget\" data-widget_type=\"text-editor.default\">\n\t\t\t\t<div class=\"elementor-widget-container\">\n\t\t\t\t\t\t\t\t\t<p>Depuis 2020, le paysage des services d\u2019emploi en Ontario a connu une transformation, notamment la cr\u00e9ation de 15 zones de desserte \u00e0 travers la province, chacune dot\u00e9e d\u2019un gestionnaire de services syst\u00e9miques. L\u2019objectif est de mieux coordonner les services d\u2019emploi en fonction des besoins locaux.\u00a0<\/p><p>Cette nouvelle approche a pr\u00e9sent\u00e9 \u00e0 la fois des d\u00e9fis et des opportunit\u00e9s pour MentorHabilet\u00e9s Ontario. Chaque r\u00e9gion a ses propres r\u00e9alit\u00e9s \u00e9conomiques, et le programme s&#039;est adapt\u00e9 pour r\u00e9pondre aux besoins locaux.\u00a0<\/p><p>Malgr\u00e9 la complexit\u00e9 et les ajustements n\u00e9cessaires, MentorHabilet\u00e9s Ontario continue d&#039;apporter son soutien \u00e0 ses partenaires en leur proposant des solutions adapt\u00e9es \u00e0 chaque r\u00e9gion, garantissant ainsi un acc\u00e8s inclusif aux services d&#039;emploi pour les personnes handicap\u00e9es dans toute la province.\u00a0<\/p>\t\t\t\t\t\t\t\t<\/div>\n\t\t\t\t<\/div>\n\t\t\t\t\t<\/div>\n\t\t<\/div>\n\t\t\t\t<div class=\"elementor-column elementor-col-50 elementor-top-column elementor-element elementor-element-017b064\" data-id=\"017b064\" data-element_type=\"column\" data-e-type=\"column\">\n\t\t\t<div class=\"elementor-widget-wrap elementor-element-populated\">\n\t\t\t\t\t\t<div class=\"elementor-element elementor-element-f2fa541 elementor-widget elementor-widget-heading\" data-id=\"f2fa541\" data-element_type=\"widget\" data-e-type=\"widget\" data-widget_type=\"heading.default\">\n\t\t\t\t<div class=\"elementor-widget-container\">\n\t\t\t\t\t<h5 class=\"elementor-heading-title elementor-size-default\">\u201cMentorHabilet\u00e9s Canada offre des opportunit\u00e9s inestimables aux personnes handicap\u00e9es d\u2019explorer divers parcours professionnels et options d\u2019emploi dans un environnement s\u00fbr, soutenu et sans risque. \u00bb.<\/h5>\t\t\t\t<\/div>\n\t\t\t\t<\/div>\n\t\t\t\t<div class=\"elementor-element elementor-element-90bbae0 elementor-widget elementor-widget-heading\" data-id=\"90bbae0\" data-element_type=\"widget\" data-e-type=\"widget\" data-widget_type=\"heading.default\">\n\t\t\t\t<div class=\"elementor-widget-container\">\n\t\t\t\t\t<h5 class=\"elementor-heading-title elementor-size-default\"><span>\u201c<\/span>Cette initiative permet \u00e9galement aux entreprises de d\u00e9couvrir les comp\u00e9tences et les talents uniques que les personne handicap\u00e9es peuvent apporter au march\u00e9 du travail, d&#039;approfondir leurs connaissances sur l&#039;emploi des personnes handicap\u00e9es et de trouver de nouvelles solutions \u00e0 leurs besoins en mati\u00e8re de recrutement. C&#039;est formidable de constater autant de belles r\u00e9ussites et de nouveaux d\u00e9parts.\u201d<\/h5>\t\t\t\t<\/div>\n\t\t\t\t<\/div>\n\t\t\t\t<div class=\"elementor-element elementor-element-92badc6 elementor-widget elementor-widget-heading\" data-id=\"92badc6\" data-element_type=\"widget\" data-e-type=\"widget\" data-widget_type=\"heading.default\">\n\t\t\t\t<div class=\"elementor-widget-container\">\n\t\t\t\t\t<h5 class=\"elementor-heading-title elementor-size-default\">Lisa Livingstone, coordinatrice du programme MentorHabilet\u00e9s au MODC<\/h5>\t\t\t\t<\/div>\n\t\t\t\t<\/div>\n\t\t\t\t\t<\/div>\n\t\t<\/div>\n\t\t\t\t\t<\/div>\n\t\t<\/section>\n\t\t\t\t<section class=\"elementor-section elementor-top-section elementor-element elementor-element-e5fb6d8 elementor-section-boxed elementor-section-height-default elementor-section-height-default\" data-id=\"e5fb6d8\" data-element_type=\"section\" data-e-type=\"section\">\n\t\t\t\t\t\t<div class=\"elementor-container elementor-column-gap-default\">\n\t\t\t\t\t<div class=\"elementor-column elementor-col-100 elementor-top-column elementor-element elementor-element-8bc09ef\" data-id=\"8bc09ef\" data-element_type=\"column\" data-e-type=\"column\">\n\t\t\t<div class=\"elementor-widget-wrap elementor-element-populated\">\n\t\t\t\t\t\t<div class=\"elementor-element elementor-element-530a6f2 elementor-widget elementor-widget-heading\" data-id=\"530a6f2\" data-element_type=\"widget\" data-e-type=\"widget\" data-widget_type=\"heading.default\">\n\t\t\t\t<div class=\"elementor-widget-container\">\n\t\t\t\t\t<h3 class=\"elementor-heading-title elementor-size-default\">Devenez mentor ou mentor\u00e9 d\u00e8s aujourd&#039;hui\u00a0!<\/h3>\t\t\t\t<\/div>\n\t\t\t\t<\/div>\n\t\t\t\t\t<\/div>\n\t\t<\/div>\n\t\t\t\t\t<\/div>\n\t\t<\/section>\n\t\t\t\t<section class=\"elementor-section elementor-top-section elementor-element elementor-element-b0533db elementor-section-boxed elementor-section-height-default elementor-section-height-default\" data-id=\"b0533db\" data-element_type=\"section\" data-e-type=\"section\">\n\t\t\t\t\t\t<div class=\"elementor-container elementor-column-gap-default\">\n\t\t\t\t\t<div class=\"elementor-column elementor-col-50 elementor-top-column elementor-element elementor-element-f8c7aae\" data-id=\"f8c7aae\" data-element_type=\"column\" data-e-type=\"column\">\n\t\t\t<div class=\"elementor-widget-wrap elementor-element-populated\">\n\t\t\t\t\t\t<div class=\"elementor-element elementor-element-2e7c7ac elementor-widget elementor-widget-text-editor\" data-id=\"2e7c7ac\" data-element_type=\"widget\" data-e-type=\"widget\" data-widget_type=\"text-editor.default\">\n\t\t\t\t<div class=\"elementor-widget-container\">\n\t\t\t\t\t\t\t\t\t<p>MentorHabilet\u00e9s Ontario recherche activement des mentors et des mentor\u00e9s pour participer \u00e0 ce programme transformateur. En devenant mentor-e ou personne mentor\u00e9e, vous pouvez contribuer \u00e0 b\u00e2tir un avenir professionnel plus inclusif et accessible en Ontario.\u00a0<\/p>\t\t\t\t\t\t\t\t<\/div>\n\t\t\t\t<\/div>\n\t\t\t\t\t<\/div>\n\t\t<\/div>\n\t\t\t\t<div class=\"elementor-column elementor-col-50 elementor-top-column elementor-element elementor-element-5992911\" data-id=\"5992911\" data-element_type=\"column\" data-e-type=\"column\">\n\t\t\t<div class=\"elementor-widget-wrap elementor-element-populated\">\n\t\t\t\t\t\t<div class=\"elementor-element elementor-element-e95bad3 elementor-widget elementor-widget-heading\" data-id=\"e95bad3\" data-element_type=\"widget\" data-e-type=\"widget\" data-widget_type=\"heading.default\">\n\t\t\t\t<div class=\"elementor-widget-container\">\n\t\t\t\t\t<h4 class=\"elementor-heading-title elementor-size-default\">Les mentors et les mentor\u00e9s b\u00e9n\u00e9ficient d&#039;un soutien tout au long du processus.<\/h4>\t\t\t\t<\/div>\n\t\t\t\t<\/div>\n\t\t\t\t\t<\/div>\n\t\t<\/div>\n\t\t\t\t\t<\/div>\n\t\t<\/section>\n\t\t\t\t<section class=\"elementor-section elementor-top-section elementor-element elementor-element-add7662 elementor-section-boxed elementor-section-height-default elementor-section-height-default\" data-id=\"add7662\" data-element_type=\"section\" data-e-type=\"section\">\n\t\t\t\t\t\t<div class=\"elementor-container elementor-column-gap-default\">\n\t\t\t\t\t<div class=\"elementor-column elementor-col-100 elementor-top-column elementor-element elementor-element-b48a789\" data-id=\"b48a789\" data-element_type=\"column\" data-e-type=\"column\" data-settings=\"{&quot;background_background&quot;:&quot;classic&quot;}\">\n\t\t\t<div class=\"elementor-widget-wrap elementor-element-populated\">\n\t\t\t\t\t\t<div class=\"elementor-element elementor-element-677224f elementor-widget elementor-widget-text-editor\" data-id=\"677224f\" data-element_type=\"widget\" data-e-type=\"widget\" data-widget_type=\"text-editor.default\">\n\t\t\t\t<div class=\"elementor-widget-container\">\n\t\t\t\t\t\t\t\t\t<p style=\"text-align: center;\">Pour plus d&#039;informations, contactez l&#039;un des coordinateurs de MentorHabilet\u00e9s ci-dessous.<\/p>\t\t\t\t\t\t\t\t<\/div>\n\t\t\t\t<\/div>\n\t\t\t\t\t<\/div>\n\t\t<\/div>\n\t\t\t\t\t<\/div>\n\t\t<\/section>\n\t\t\t\t<section class=\"elementor-section elementor-top-section elementor-element elementor-element-834048c elementor-section-boxed elementor-section-height-default elementor-section-height-default\" data-id=\"834048c\" data-element_type=\"section\" data-e-type=\"section\">\n\t\t\t\t\t\t<div class=\"elementor-container elementor-column-gap-default\">\n\t\t\t\t\t<div class=\"elementor-column elementor-col-33 elementor-top-column elementor-element elementor-element-7bc9daf\" data-id=\"7bc9daf\" data-element_type=\"column\" data-e-type=\"column\" data-settings=\"{&quot;background_background&quot;:&quot;classic&quot;}\">\n\t\t\t<div class=\"elementor-widget-wrap elementor-element-populated\">\n\t\t\t\t\t\t<div class=\"elementor-element elementor-element-009cc1f elementor-widget-tablet__width-initial elementor-view-default elementor-position-block-start elementor-mobile-position-block-start elementor-widget elementor-widget-icon-box\" data-id=\"009cc1f\" data-element_type=\"widget\" data-e-type=\"widget\" data-widget_type=\"icon-box.default\">\n\t\t\t\t<div class=\"elementor-widget-container\">\n\t\t\t\t\t\t\t<div class=\"elementor-icon-box-wrapper\">\n\n\t\t\t\t\t\t<div class=\"elementor-icon-box-icon\">\n\t\t\t\t<a href=\"https:\/\/www.modcemploymentservices.ca\/\" target=\"_blank\" class=\"elementor-icon\" tabindex=\"-1\" aria-label=\"Marche des dix sous du Canada\" rel=\"noopener\">\n\t\t\t\t<i aria-hidden=\"true\" class=\"icon icon-arrow-point-to-down\"><\/i>\t\t\t\t<\/a>\n\t\t\t<\/div>\n\t\t\t\n\t\t\t\t\t\t<div class=\"elementor-icon-box-content\">\n\n\t\t\t\t\t\t\t\t\t<h3 class=\"elementor-icon-box-title\">\n\t\t\t\t\t\t<a href=\"https:\/\/www.modcemploymentservices.ca\/\" target=\"_blank\" rel=\"noopener\">\n\t\t\t\t\t\t\tMarche des dix sous du Canada\t\t\t\t\t\t<\/a>\n\t\t\t\t\t<\/h3>\n\t\t\t\t\n\t\t\t\t\t\t\t\t\t<p class=\"elementor-icon-box-description\">\n\t\t\t\t\t\t<p>(Cliquez sur le nom de l&#039;organisation pour acc\u00e9der \u00e0 son site web)<\/p>\n<b>Contact:<\/b> Lisa Livingston<p><\/p>\n<b>T\u00e9l\u00e9phone :<\/b> 519-579-5530 poste 262<p><\/p>\n<b>Courriel\u202f:<\/b> llivingston@marchofdimes.ca\t\t\t\t\t<\/p>\n\t\t\t\t\n\t\t\t<\/div>\n\t\t\t\n\t\t<\/div>\n\t\t\t\t\t\t<\/div>\n\t\t\t\t<\/div>\n\t\t\t\t\t<\/div>\n\t\t<\/div>\n\t\t\t\t<div class=\"elementor-column elementor-col-33 elementor-top-column elementor-element elementor-element-06a734f\" data-id=\"06a734f\" data-element_type=\"column\" data-e-type=\"column\" data-settings=\"{&quot;background_background&quot;:&quot;classic&quot;}\">\n\t\t\t<div class=\"elementor-widget-wrap elementor-element-populated\">\n\t\t\t\t\t\t<div class=\"elementor-element elementor-element-52fb28a elementor-widget-tablet__width-initial elementor-view-default elementor-position-block-start elementor-mobile-position-block-start elementor-widget elementor-widget-icon-box\" data-id=\"52fb28a\" data-element_type=\"widget\" data-e-type=\"widget\" data-widget_type=\"icon-box.default\">\n\t\t\t\t<div class=\"elementor-widget-container\">\n\t\t\t\t\t\t\t<div class=\"elementor-icon-box-wrapper\">\n\n\t\t\t\t\t\t<div class=\"elementor-icon-box-icon\">\n\t\t\t\t<a href=\"https:\/\/www.modcemploymentservices.ca\/\" target=\"_blank\" class=\"elementor-icon\" tabindex=\"-1\" aria-label=\"Marche des dix sous du Canada\" rel=\"noopener\">\n\t\t\t\t<i aria-hidden=\"true\" class=\"icon icon-arrow-point-to-down\"><\/i>\t\t\t\t<\/a>\n\t\t\t<\/div>\n\t\t\t\n\t\t\t\t\t\t<div class=\"elementor-icon-box-content\">\n\n\t\t\t\t\t\t\t\t\t<h3 class=\"elementor-icon-box-title\">\n\t\t\t\t\t\t<a href=\"https:\/\/www.modcemploymentservices.ca\/\" target=\"_blank\" rel=\"noopener\">\n\t\t\t\t\t\t\tMarche des dix sous du Canada\t\t\t\t\t\t<\/a>\n\t\t\t\t\t<\/h3>\n\t\t\t\t\n\t\t\t\t\t\t\t\t\t<p class=\"elementor-icon-box-description\">\n\t\t\t\t\t\t<p>(Cliquez sur le nom de l&#039;organisation pour acc\u00e9der \u00e0 son site web)<\/p>\n<b>Contact:<\/b> Julia Douglas<p><\/p>\n<b>T\u00e9l\u00e9phone :<\/b> 289-221-3684 (mobile)<p><\/p>\n<b>Courriel\u202f:<\/b> jedouglas@marchofdimes.ca\n\n\t\t\t\t\t<\/p>\n\t\t\t\t\n\t\t\t<\/div>\n\t\t\t\n\t\t<\/div>\n\t\t\t\t\t\t<\/div>\n\t\t\t\t<\/div>\n\t\t\t\t\t<\/div>\n\t\t<\/div>\n\t\t\t\t<div class=\"elementor-column elementor-col-33 elementor-top-column elementor-element elementor-element-872d05a\" data-id=\"872d05a\" data-element_type=\"column\" data-e-type=\"column\" data-settings=\"{&quot;background_background&quot;:&quot;classic&quot;}\">\n\t\t\t<div class=\"elementor-widget-wrap elementor-element-populated\">\n\t\t\t\t\t\t<div class=\"elementor-element elementor-element-640d7b6 elementor-widget-tablet__width-initial elementor-view-default elementor-position-block-start elementor-mobile-position-block-start elementor-widget elementor-widget-icon-box\" data-id=\"640d7b6\" data-element_type=\"widget\" data-e-type=\"widget\" data-widget_type=\"icon-box.default\">\n\t\t\t\t<div class=\"elementor-widget-container\">\n\t\t\t\t\t\t\t<div class=\"elementor-icon-box-wrapper\">\n\n\t\t\t\t\t\t<div class=\"elementor-icon-box-icon\">\n\t\t\t\t<a href=\"https:\/\/www.odenetwork.com\/initiatives\/mentorability\/\" target=\"_blank\" class=\"elementor-icon\" tabindex=\"-1\" aria-label=\"ODEN\" rel=\"noopener\">\n\t\t\t\t<i aria-hidden=\"true\" class=\"icon icon-arrow-point-to-down\"><\/i>\t\t\t\t<\/a>\n\t\t\t<\/div>\n\t\t\t\n\t\t\t\t\t\t<div class=\"elementor-icon-box-content\">\n\n\t\t\t\t\t\t\t\t\t<h3 class=\"elementor-icon-box-title\">\n\t\t\t\t\t\t<a href=\"https:\/\/www.odenetwork.com\/initiatives\/mentorability\/\" target=\"_blank\" rel=\"noopener\">\n\t\t\t\t\t\t\tODEN\t\t\t\t\t\t<\/a>\n\t\t\t\t\t<\/h3>\n\t\t\t\t\n\t\t\t\t\t\t\t\t\t<p class=\"elementor-icon-box-description\">\n\t\t\t\t\t\t<p>(Cliquez sur le nom de l&#039;organisation pour acc\u00e9der \u00e0 son site web)<\/p><b>Contact:<\/b> Jodi Delage<p><\/p>\n<b>Num\u00e9ro sans frais\u00a0:<\/b> 1-866-280-6366 poste 119<p><\/p>\n<b>Courriel\u202f:<\/b> jdelage@odennetwork.ca\t\t\t\t\t<\/p>\n\t\t\t\t\n\t\t\t<\/div>\n\t\t\t\n\t\t<\/div>\n\t\t\t\t\t\t<\/div>\n\t\t\t\t<\/div>\n\t\t\t\t\t<\/div>\n\t\t<\/div>\n\t\t\t\t\t<\/div>\n\t\t<\/section>\n\t\t\t\t<\/div>","protected":false},"excerpt":{"rendered":"<p>MentorAbility Canada Hub Highlight Series Every month, MentorAbility Canada proudly presents one of our implementing partners. They are the MentorAbility coordinators\u2014the backstage workers who quietly go about their tasks to [&hellip;]<\/p>\n","protected":false},"author":269,"featured_media":0,"comment_status":"closed","ping_status":"closed","sticky":false,"template":"","format":"standard","meta":{"_acf_changed":false,"footnotes":""},"categories":[356],"tags":[338,327,66,352,376,59],"class_list":["post-58880","post","type-post","status-publish","format-standard","hentry","category-mentorability","tag-employment","tag-inclusive","tag-mentorability","tag-mentoring","tag-mentorship","tag-ontario"],"acf":[],"_links":{"self":[{"href":"https:\/\/www.supportedemployment.ca\/fr\/wp-json\/wp\/v2\/posts\/58880","targetHints":{"allow":["GET"]}}],"collection":[{"href":"https:\/\/www.supportedemployment.ca\/fr\/wp-json\/wp\/v2\/posts"}],"about":[{"href":"https:\/\/www.supportedemployment.ca\/fr\/wp-json\/wp\/v2\/types\/post"}],"author":[{"embeddable":true,"href":"https:\/\/www.supportedemployment.ca\/fr\/wp-json\/wp\/v2\/users\/269"}],"replies":[{"embeddable":true,"href":"https:\/\/www.supportedemployment.ca\/fr\/wp-json\/wp\/v2\/comments?post=58880"}],"version-history":[{"count":0,"href":"https:\/\/www.supportedemployment.ca\/fr\/wp-json\/wp\/v2\/posts\/58880\/revisions"}],"wp:attachment":[{"href":"https:\/\/www.supportedemployment.ca\/fr\/wp-json\/wp\/v2\/media?parent=58880"}],"wp:term":[{"taxonomy":"category","embeddable":true,"href":"https:\/\/www.supportedemployment.ca\/fr\/wp-json\/wp\/v2\/categories?post=58880"},{"taxonomy":"post_tag","embeddable":true,"href":"https:\/\/www.supportedemployment.ca\/fr\/wp-json\/wp\/v2\/tags?post=58880"}],"curies":[{"name":"wp","href":"https:\/\/api.w.org\/{rel}","templated":true}]}}