{"id":58157,"date":"2024-05-08T16:33:15","date_gmt":"2024-05-08T20:33:15","guid":{"rendered":"https:\/\/www.supportedemployment.ca\/?p=58157"},"modified":"2024-05-15T15:59:25","modified_gmt":"2024-05-15T19:59:25","slug":"hub-highlight-mentorability-manitoba","status":"publish","type":"post","link":"https:\/\/www.supportedemployment.ca\/fr\/hub-highlight-mentorability-manitoba\/","title":{"rendered":"Hub Metteur en lumi\u00e8re MentorAbility Manitoba"},"content":{"rendered":"<div data-elementor-type=\"wp-post\" data-elementor-id=\"58157\" class=\"elementor elementor-58157\" data-elementor-post-type=\"post\">\n\t\t\t\t\t\t<section class=\"elementor-section elementor-top-section elementor-element elementor-element-d597729 elementor-section-boxed elementor-section-height-default elementor-section-height-default\" data-id=\"d597729\" data-element_type=\"section\" data-e-type=\"section\">\n\t\t\t\t\t\t<div class=\"elementor-container elementor-column-gap-default\">\n\t\t\t\t\t<div class=\"elementor-column elementor-col-100 elementor-top-column elementor-element elementor-element-cffdbb5\" data-id=\"cffdbb5\" data-element_type=\"column\" data-e-type=\"column\">\n\t\t\t<div class=\"elementor-widget-wrap elementor-element-populated\">\n\t\t\t\t\t\t<div class=\"elementor-element elementor-element-5c21568 elementor-widget elementor-widget-heading\" data-id=\"5c21568\" data-element_type=\"widget\" data-e-type=\"widget\" data-widget_type=\"heading.default\">\n\t\t\t\t<div class=\"elementor-widget-container\">\n\t\t\t\t\t<h2 class=\"elementor-heading-title elementor-size-default\">S\u00e9rie des moments forts du p\u00f4le MentorAbility Canada<\/h2>\t\t\t\t<\/div>\n\t\t\t\t<\/div>\n\t\t\t\t\t<\/div>\n\t\t<\/div>\n\t\t\t\t\t<\/div>\n\t\t<\/section>\n\t\t\t\t<section class=\"elementor-section elementor-top-section elementor-element elementor-element-afda1db elementor-section-boxed elementor-section-height-default elementor-section-height-default\" data-id=\"afda1db\" data-element_type=\"section\" data-e-type=\"section\">\n\t\t\t\t\t\t<div class=\"elementor-container elementor-column-gap-default\">\n\t\t\t\t\t<div class=\"elementor-column elementor-col-100 elementor-top-column elementor-element elementor-element-b857d47\" data-id=\"b857d47\" data-element_type=\"column\" data-e-type=\"column\" data-settings=\"{&quot;background_background&quot;:&quot;classic&quot;}\">\n\t\t\t<div class=\"elementor-widget-wrap elementor-element-populated\">\n\t\t\t\t\t\t<div class=\"elementor-element elementor-element-d6100b8 elementor-widget elementor-widget-text-editor\" data-id=\"d6100b8\" data-element_type=\"widget\" data-e-type=\"widget\" data-widget_type=\"text-editor.default\">\n\t\t\t\t<div class=\"elementor-widget-container\">\n\t\t\t\t\t\t\t\t\t<p>Chaque mois, MentorAbility Canada pr\u00e9sente fi\u00e8rement l'un de ses partenaires de mise en \u0153uvre. Il s'agit des coordonnateurs de MentorAbility, ces artisans de l'ombre qui accomplissent leurs t\u00e2ches en toute discr\u00e9tion pour que les chercheurs d'emploi, les employeurs et les fournisseurs de services puissent briller sous les feux de la rampe.<\/p>\t\t\t\t\t\t\t\t<\/div>\n\t\t\t\t<\/div>\n\t\t\t\t<div class=\"elementor-element elementor-element-84159bd elementor-widget elementor-widget-text-editor\" data-id=\"84159bd\" data-element_type=\"widget\" data-e-type=\"widget\" data-widget_type=\"text-editor.default\">\n\t\t\t\t<div class=\"elementor-widget-container\">\n\t\t\t\t\t\t\t\t\t<p style=\"text-align: center;\"><span style=\"font-weight: bold; background-color: var( --e-global-color-e3e8097 ); color: var( --e-global-color-text ); font-family: var( --e-global-typography-text-font-family ), Sans-serif; font-size: var( --e-global-typography-text-font-size );\">Pour la version fran\u00e7aise de ce post,<\/span><span style=\"font-weight: bold; background-color: var( --e-global-color-e3e8097 ); color: var( --e-global-color-text ); font-family: var( --e-global-typography-text-font-family ), Sans-serif; font-size: var( --e-global-typography-text-font-size );\">\u00a0<\/span><a style=\"font-weight: bolder; font-family: var( --e-global-typography-text-font-family ), Sans-serif; font-size: var( --e-global-typography-text-font-size );\" href=\"https:\/\/www.supportedemployment.ca\/fr\/lumiere-sur-mentorhabiletes-manitoba\/\" target=\"_blank\" rel=\"noopener\">Veuillez cliquer ici<\/a><span style=\"font-weight: bolder; background-color: var( --e-global-color-5d29a0b ); color: var( --e-global-color-text ); font-family: var( --e-global-typography-text-font-family ), Sans-serif; font-size: var( --e-global-typography-text-font-size );\">.<\/span><\/p><p style=\"text-align: center;\"><span style=\"font-weight: bolder;\">Pour la version <\/span><b>fran\u00e7aise\u00a0<\/b><span style=\"font-weight: bolder;\">de cet article,\u00a0<\/span><a style=\"font-weight: bolder; font-family: var( --e-global-typography-text-font-family ), Sans-serif; font-size: var( --e-global-typography-text-font-size );\" href=\"https:\/\/www.supportedemployment.ca\/fr\/lumiere-sur-mentorhabiletes-manitoba\/\" target=\"_blank\" rel=\"noopener\">veuillez cliquer ici<\/a><span style=\"font-weight: bolder;\">.<\/span><span style=\"font-weight: bolder; background-color: var( --e-global-color-5d29a0b ); color: var( --e-global-color-text ); font-family: var( --e-global-typography-text-font-family ), Sans-serif; font-size: var( --e-global-typography-text-font-size );\"><br \/><\/span><\/p>\t\t\t\t\t\t\t\t<\/div>\n\t\t\t\t<\/div>\n\t\t\t\t\t<\/div>\n\t\t<\/div>\n\t\t\t\t\t<\/div>\n\t\t<\/section>\n\t\t\t\t<section class=\"elementor-section elementor-top-section elementor-element elementor-element-ce5f8db elementor-section-boxed elementor-section-height-default elementor-section-height-default\" data-id=\"ce5f8db\" data-element_type=\"section\" data-e-type=\"section\">\n\t\t\t\t\t\t<div class=\"elementor-container elementor-column-gap-default\">\n\t\t\t\t\t<div class=\"elementor-column elementor-col-100 elementor-top-column elementor-element elementor-element-0fcdaca\" data-id=\"0fcdaca\" data-element_type=\"column\" data-e-type=\"column\">\n\t\t\t<div class=\"elementor-widget-wrap elementor-element-populated\">\n\t\t\t\t\t\t<div class=\"elementor-element elementor-element-6a03115 elementor-widget elementor-widget-heading\" data-id=\"6a03115\" data-element_type=\"widget\" data-e-type=\"widget\" data-widget_type=\"heading.default\">\n\t\t\t\t<div class=\"elementor-widget-container\">\n\t\t\t\t\t<h2 class=\"elementor-heading-title elementor-size-default\">MentorHabilet\u00e9s Manitoba : <br>Tracer une nouvelle voie pour l&#039;inclusion en milieu de travail au Manitoba<\/h2>\t\t\t\t<\/div>\n\t\t\t\t<\/div>\n\t\t\t\t\t<\/div>\n\t\t<\/div>\n\t\t\t\t\t<\/div>\n\t\t<\/section>\n\t\t\t\t<section class=\"elementor-section elementor-top-section elementor-element elementor-element-0898fc5 elementor-section-boxed elementor-section-height-default elementor-section-height-default\" data-id=\"0898fc5\" data-element_type=\"section\" data-e-type=\"section\">\n\t\t\t\t\t\t<div class=\"elementor-container elementor-column-gap-default\">\n\t\t\t\t\t<div class=\"elementor-column elementor-col-50 elementor-top-column elementor-element elementor-element-eddb2b5\" data-id=\"eddb2b5\" data-element_type=\"column\" data-e-type=\"column\">\n\t\t\t<div class=\"elementor-widget-wrap elementor-element-populated\">\n\t\t\t\t\t\t<div class=\"elementor-element elementor-element-96682ee elementor-widget elementor-widget-text-editor\" data-id=\"96682ee\" data-element_type=\"widget\" data-e-type=\"widget\" data-widget_type=\"text-editor.default\">\n\t\t\t\t<div class=\"elementor-widget-container\">\n\t\t\t\t\t\t\t\t\t<p>Les milieux de travail du Manitoba sont en pleine transformation, l&#039;inclusion devenant la norme. Les employeurs appr\u00e9cient de plus en plus la force d&#039;une main-d&#039;\u0153uvre diversifi\u00e9e et reconnaissent ses avantages.\u00a0<\/p>\t\t\t\t\t\t\t\t<\/div>\n\t\t\t\t<\/div>\n\t\t\t\t<div class=\"elementor-element elementor-element-ec941a8 elementor-widget elementor-widget-heading\" data-id=\"ec941a8\" data-element_type=\"widget\" data-e-type=\"widget\" data-widget_type=\"heading.default\">\n\t\t\t\t<div class=\"elementor-widget-container\">\n\t\t\t\t\t<h5 class=\"elementor-heading-title elementor-size-default\">\u201c Inclure tous les individus \u00e9largit le vivier de talents. Cela permet aux organisations de constituer des \u00e9quipes plus fortes et plus r\u00e9silientes, dot\u00e9es d&#039;un plus large \u00e9ventail de comp\u00e9tences. \u201d<\/h5>\t\t\t\t<\/div>\n\t\t\t\t<\/div>\n\t\t\t\t<div class=\"elementor-element elementor-element-051cfdf elementor-widget elementor-widget-text-editor\" data-id=\"051cfdf\" data-element_type=\"widget\" data-e-type=\"widget\" data-widget_type=\"text-editor.default\">\n\t\t\t\t<div class=\"elementor-widget-container\">\n\t\t\t\t\t\t\t\t\t<p style=\"text-align: right;\">Wade Slater, coordinateur du programme MentorHabilet\u00e9s , WASO<\/p>\t\t\t\t\t\t\t\t<\/div>\n\t\t\t\t<\/div>\n\t\t\t\t<div class=\"elementor-element elementor-element-8768791 elementor-widget elementor-widget-text-editor\" data-id=\"8768791\" data-element_type=\"widget\" data-e-type=\"widget\" data-widget_type=\"text-editor.default\">\n\t\t\t\t<div class=\"elementor-widget-container\">\n\t\t\t\t\t\t\t\t\t<p>Des \u00e9tudes sugg\u00e8rent que les milieux de travail inclusifs favorisent une productivit\u00e9 et une innovation accrues. Pourtant, un \u00e9cart d\u2019emploi persiste\u00a0: au Manitoba, le taux d\u2019emploi des personnes handicap\u00e9es en \u00e2ge de travailler (64,31\u00a0%) demeure nettement inf\u00e9rieur \u00e0 celui de la population g\u00e9n\u00e9rale (80,51\u00a0%) (Statistique Canada).<\/p>\n<p>MentorHabilet\u00e9s Manitoba, pilot\u00e9 par WASO (Work And Social Opportunities), s&#039;attaque de front \u00e0 ce d\u00e9fi. Ce programme lib\u00e8re le potentiel des personnes en situation de handicap, leur ouvrant la voie \u00e0 des carri\u00e8res enrichissantes gr\u00e2ce au mentorat. Mais MentorHabilet\u00e9s Manitoba ne se contente pas d&#039;aider les chercheurs d&#039;emploi\u00a0; il vise aussi \u00e0 donner aux employeurs les moyens de cr\u00e9er des milieux de travail plus inclusifs, productifs et performants.<\/p>\t\t\t\t\t\t\t\t<\/div>\n\t\t\t\t<\/div>\n\t\t\t\t\t<\/div>\n\t\t<\/div>\n\t\t\t\t<div class=\"elementor-column elementor-col-50 elementor-top-column elementor-element elementor-element-23cef27\" data-id=\"23cef27\" data-element_type=\"column\" data-e-type=\"column\">\n\t\t\t<div class=\"elementor-widget-wrap elementor-element-populated\">\n\t\t\t\t\t\t<div class=\"elementor-element elementor-element-0e899f5 elementor-widget elementor-widget-image\" data-id=\"0e899f5\" data-element_type=\"widget\" data-e-type=\"widget\" data-widget_type=\"image.default\">\n\t\t\t\t<div class=\"elementor-widget-container\">\n\t\t\t\t\t\t\t\t\t\t\t\t\t\t\t<img decoding=\"async\" src=\"https:\/\/www.supportedemployment.ca\/wp-content\/uploads\/elementor\/thumbs\/Hub-highight_MB-smaller-qniysfb07pu5hi7eaagajtdl77lgau5ibukncn3vbg.jpg\" title=\"Hub highlight_MB plus petit\" alt=\"Hub Highlight MentorAbilitly Manitoba. Lumi\u00e8re sur MentorHabilet\u00e9s Manitoba. WASO. CASE - ACSE logo. Government of Canada wordmark.\" loading=\"lazy\" \/>\t\t\t\t\t\t\t\t\t\t\t\t\t\t\t<\/div>\n\t\t\t\t<\/div>\n\t\t\t\t\t<\/div>\n\t\t<\/div>\n\t\t\t\t\t<\/div>\n\t\t<\/section>\n\t\t\t\t<section class=\"elementor-section elementor-top-section elementor-element elementor-element-d7f6489 elementor-section-boxed elementor-section-height-default elementor-section-height-default\" data-id=\"d7f6489\" data-element_type=\"section\" data-e-type=\"section\">\n\t\t\t\t\t\t<div class=\"elementor-container elementor-column-gap-default\">\n\t\t\t\t\t<div class=\"elementor-column elementor-col-100 elementor-top-column elementor-element elementor-element-4045373\" data-id=\"4045373\" data-element_type=\"column\" data-e-type=\"column\">\n\t\t\t<div class=\"elementor-widget-wrap elementor-element-populated\">\n\t\t\t\t\t\t<div class=\"elementor-element elementor-element-9bf48dc elementor-widget elementor-widget-heading\" data-id=\"9bf48dc\" data-element_type=\"widget\" data-e-type=\"widget\" data-widget_type=\"heading.default\">\n\t\t\t\t<div class=\"elementor-widget-container\">\n\t\t\t\t\t<h3 class=\"elementor-heading-title elementor-size-default\">Une porte d&#039;entr\u00e9e vers des exp\u00e9riences professionnelles diversifi\u00e9es et des lieux de travail diversifi\u00e9s<\/h3>\t\t\t\t<\/div>\n\t\t\t\t<\/div>\n\t\t\t\t<div class=\"elementor-element elementor-element-3b2745c elementor-widget elementor-widget-text-editor\" data-id=\"3b2745c\" data-element_type=\"widget\" data-e-type=\"widget\" data-widget_type=\"text-editor.default\">\n\t\t\t\t<div class=\"elementor-widget-container\">\n\t\t\t\t\t\t\t\t\t<p>Dans le contexte concurrentiel actuel, les employeurs reconnaissent de plus en plus la valeur d&#039;une main-d&#039;\u0153uvre diversifi\u00e9e. MentorHabilet\u00e9s Manitoba met en relation les employeurs avec des personnes qualifi\u00e9es et motiv\u00e9es d\u00e9sireuses d&#039;en apprendre davantage sur leur milieu de travail. Chaque exp\u00e9rience de mentorat est unique et tous les participants en tirent profit.\u00a0<\/p><p><span style=\"color: var( --e-global-color-text ); font-family: var( --e-global-typography-text-font-family ), Sans-serif; font-size: var( --e-global-typography-text-font-size ); font-weight: var( --e-global-typography-text-font-weight );\">Les programmes de mentorat de MentorHabilet\u00e9s offrent aux employeurs la possibilit\u00e9 d&#039;\u00e9largir leur bassin de talents et d&#039;enrichir leurs \u00e9quipes de perspectives et d&#039;exp\u00e9riences uniques. Gr\u00e2ce \u00e0 l&#039;essor de secteurs comme l&#039;agriculture, l&#039;a\u00e9rospatiale et les arts cr\u00e9atifs, la province propose de nombreuses opportunit\u00e9s et des milieux de travail diversifi\u00e9s.\u00a0<\/span><\/p>\t\t\t\t\t\t\t\t<\/div>\n\t\t\t\t<\/div>\n\t\t\t\t\t<\/div>\n\t\t<\/div>\n\t\t\t\t\t<\/div>\n\t\t<\/section>\n\t\t\t\t<section class=\"elementor-section elementor-top-section elementor-element elementor-element-acf1a05 elementor-section-boxed elementor-section-height-default elementor-section-height-default\" data-id=\"acf1a05\" data-element_type=\"section\" data-e-type=\"section\">\n\t\t\t\t\t\t<div class=\"elementor-container elementor-column-gap-default\">\n\t\t\t\t\t<div class=\"elementor-column elementor-col-50 elementor-top-column elementor-element elementor-element-f2a0967\" data-id=\"f2a0967\" data-element_type=\"column\" data-e-type=\"column\">\n\t\t\t<div class=\"elementor-widget-wrap elementor-element-populated\">\n\t\t\t\t\t\t<div class=\"elementor-element elementor-element-afc4da7 elementor-widget elementor-widget-text-editor\" data-id=\"afc4da7\" data-element_type=\"widget\" data-e-type=\"widget\" data-widget_type=\"text-editor.default\">\n\t\t\t\t<div class=\"elementor-widget-container\">\n\t\t\t\t\t\t\t\t\t<p>Gr\u00e2ce \u00e0 des formations, au r\u00e9seautage et \u00e0 des strat\u00e9gies d&#039;inclusion concr\u00e8tes, MentorHabilet\u00e9s Manitoba aide les employeurs \u00e0 b\u00e2tir des \u00e9quipes plus fortes et plus r\u00e9silientes, tout en leur donnant acc\u00e8s \u00e0 un vivier inexploit\u00e9 de talents qualifi\u00e9s, motiv\u00e9s et cr\u00e9atifs. Renforcer leur culture d&#039;entreprise inclusive peut permettre aux organisations d&#039;accro\u00eetre leur productivit\u00e9 et d&#039;am\u00e9liorer leur capacit\u00e9 \u00e0 r\u00e9soudre les probl\u00e8mes, leur conf\u00e9rant ainsi un avantage concurrentiel sur le march\u00e9.<\/p>\t\t\t\t\t\t\t\t<\/div>\n\t\t\t\t<\/div>\n\t\t\t\t\t<\/div>\n\t\t<\/div>\n\t\t\t\t<div class=\"elementor-column elementor-col-50 elementor-top-column elementor-element elementor-element-ca7f183\" data-id=\"ca7f183\" data-element_type=\"column\" data-e-type=\"column\">\n\t\t\t<div class=\"elementor-widget-wrap elementor-element-populated\">\n\t\t\t\t\t\t<div class=\"elementor-element elementor-element-6d3fcc0 elementor-widget elementor-widget-heading\" data-id=\"6d3fcc0\" data-element_type=\"widget\" data-e-type=\"widget\" data-widget_type=\"heading.default\">\n\t\t\t\t<div class=\"elementor-widget-container\">\n\t\t\t\t\t<h5 class=\"elementor-heading-title elementor-size-default\">\u201cMentorHabilet\u00e9s est une excellente opportunit\u00e9 d&#039;explorer des domaines professionnels inexplor\u00e9s. \u201d<\/h5>\t\t\t\t<\/div>\n\t\t\t\t<\/div>\n\t\t\t\t<div class=\"elementor-element elementor-element-01d0557 elementor-widget elementor-widget-heading\" data-id=\"01d0557\" data-element_type=\"widget\" data-e-type=\"widget\" data-widget_type=\"heading.default\">\n\t\t\t\t<div class=\"elementor-widget-container\">\n\t\t\t\t\t<h5 class=\"elementor-heading-title elementor-size-default\">Cam Postma, membre de l&#039;\u00e9quipe MentorHabilet\u00e9s Manitoba<\/h5>\t\t\t\t<\/div>\n\t\t\t\t<\/div>\n\t\t\t\t\t<\/div>\n\t\t<\/div>\n\t\t\t\t\t<\/div>\n\t\t<\/section>\n\t\t\t\t<section class=\"elementor-section elementor-top-section elementor-element elementor-element-e2af3a9 elementor-section-boxed elementor-section-height-default elementor-section-height-default\" data-id=\"e2af3a9\" data-element_type=\"section\" data-e-type=\"section\">\n\t\t\t\t\t\t<div class=\"elementor-container elementor-column-gap-default\">\n\t\t\t\t\t<div class=\"elementor-column elementor-col-100 elementor-top-column elementor-element elementor-element-23e1b77\" data-id=\"23e1b77\" data-element_type=\"column\" data-e-type=\"column\">\n\t\t\t<div class=\"elementor-widget-wrap elementor-element-populated\">\n\t\t\t\t\t\t<div class=\"elementor-element elementor-element-7bc5277 elementor-widget elementor-widget-text-editor\" data-id=\"7bc5277\" data-element_type=\"widget\" data-e-type=\"widget\" data-widget_type=\"text-editor.default\">\n\t\t\t\t<div class=\"elementor-widget-container\">\n\t\t\t\t\t\t\t\t\t<p>Le mentorat offre un cadre s\u00e9curisant permettant aux mentor\u00e9s d&#039;exp\u00e9rimenter, de d\u00e9couvrir de nouveaux centres d&#039;int\u00e9r\u00eat et d&#039;acqu\u00e9rir des connaissances pr\u00e9cieuses sur diff\u00e9rents secteurs d&#039;activit\u00e9. \u201c Il peut donner \u00e0 quelqu&#039;un l&#039;occasion de d\u00e9couvrir un domaine industriel qu&#039;il n&#039;a jamais explor\u00e9 et d&#039;en acqu\u00e9rir des connaissances et une compr\u00e9hension approfondie \u201d, explique Cam.\u00a0<\/p><p><span style=\"color: var( --e-global-color-text ); font-family: var( --e-global-typography-text-font-family ), Sans-serif; font-size: var( --e-global-typography-text-font-size ); font-weight: var( --e-global-typography-text-font-weight );\">Cette exploration suscite une passion pour l&#039;apprentissage et ouvre la voie \u00e0 de nouvelles possibilit\u00e9s, pr\u00e9parant ainsi le terrain pour des carri\u00e8res \u00e9panouissantes.<\/span><\/p>\t\t\t\t\t\t\t\t<\/div>\n\t\t\t\t<\/div>\n\t\t\t\t<div class=\"elementor-element elementor-element-6ae1ac6 elementor-widget elementor-widget-heading\" data-id=\"6ae1ac6\" data-element_type=\"widget\" data-e-type=\"widget\" data-widget_type=\"heading.default\">\n\t\t\t\t<div class=\"elementor-widget-container\">\n\t\t\t\t\t<h3 class=\"elementor-heading-title elementor-size-default\">Le pouvoir du mentorat : l&#039;histoire \u00e0 succ\u00e8s de Mark<\/h3>\t\t\t\t<\/div>\n\t\t\t\t<\/div>\n\t\t\t\t\t<\/div>\n\t\t<\/div>\n\t\t\t\t\t<\/div>\n\t\t<\/section>\n\t\t\t\t<section class=\"elementor-section elementor-top-section elementor-element elementor-element-7c38e0b elementor-section-boxed elementor-section-height-default elementor-section-height-default\" data-id=\"7c38e0b\" data-element_type=\"section\" data-e-type=\"section\">\n\t\t\t\t\t\t<div class=\"elementor-container elementor-column-gap-default\">\n\t\t\t\t\t<div class=\"elementor-column elementor-col-50 elementor-top-column elementor-element elementor-element-b6a7e6a\" data-id=\"b6a7e6a\" data-element_type=\"column\" data-e-type=\"column\">\n\t\t\t<div class=\"elementor-widget-wrap elementor-element-populated\">\n\t\t\t\t\t\t<div class=\"elementor-element elementor-element-fdfb412 elementor-widget elementor-widget-heading\" data-id=\"fdfb412\" data-element_type=\"widget\" data-e-type=\"widget\" data-widget_type=\"heading.default\">\n\t\t\t\t<div class=\"elementor-widget-container\">\n\t\t\t\t\t<h5 class=\"elementor-heading-title elementor-size-default\">\u201cNous avons trouv\u00e9 le partenaire id\u00e9al.\u201d<\/h5>\t\t\t\t<\/div>\n\t\t\t\t<\/div>\n\t\t\t\t<div class=\"elementor-element elementor-element-8145462 elementor-widget elementor-widget-text-editor\" data-id=\"8145462\" data-element_type=\"widget\" data-e-type=\"widget\" data-widget_type=\"text-editor.default\">\n\t\t\t\t<div class=\"elementor-widget-container\">\n\t\t\t\t\t\t\t\t\t<p>Mark, r\u00e9cemment arriv\u00e9 au Canada, a trouv\u00e9 un emploi \u00e9panouissant apr\u00e8s avoir particip\u00e9 au programme de mentorat MentorHabilet\u00e9s . Son exp\u00e9rience illustre l&#039;impact positif du programme sur l&#039;emploi, le d\u00e9veloppement de l&#039;estime de soi et le sentiment d&#039;appartenance des personnes en situation de handicap.\u00a0<\/p><p>Le mentor-e de Mark, propri\u00e9taire d&#039;une chocolaterie locale, a judicieusement fait remarquer : \u201c Il est tellement fier de son travail. Nous avons trouv\u00e9 la perle rare. \u201d<\/p><p>Ce programme de mentorat r\u00e9ussi souligne sa capacit\u00e9 \u00e0 mettre en relation les employeurs avec des personnes poss\u00e9dant un potentiel inexploit\u00e9 et une volont\u00e9 de travailler et de contribuer.<\/p><p>MentorHabilet\u00e9s Manitoba est bien plus qu&#039;un programme qui met en relation des mentors et des mentor\u00e9s ; c&#039;est un parcours de croissance et d&#039;autonomisation personnelle et professionnelle.<\/p>\t\t\t\t\t\t\t\t<\/div>\n\t\t\t\t<\/div>\n\t\t\t\t\t<\/div>\n\t\t<\/div>\n\t\t\t\t<div class=\"elementor-column elementor-col-50 elementor-top-column elementor-element elementor-element-2811531\" data-id=\"2811531\" data-element_type=\"column\" data-e-type=\"column\">\n\t\t\t<div class=\"elementor-widget-wrap elementor-element-populated\">\n\t\t\t\t\t\t<div class=\"elementor-element elementor-element-e2fa9fd elementor-widget elementor-widget-video\" data-id=\"e2fa9fd\" data-element_type=\"widget\" data-e-type=\"widget\" data-settings=\"{&quot;video_type&quot;:&quot;vimeo&quot;}\" data-widget_type=\"video.default\">\n\t\t\t\t<div class=\"elementor-widget-container\">\n\t\t\t\t\t\t\t<div class=\"elementor-wrapper elementor-open-inline\">\n\t\t\t<iframe class=\"elementor-video-iframe\" allowfullscreen allow=\"clipboard-write\" title=\"Lecteur vid\u00e9o Vimeo\" src=\"https:\/\/player.vimeo.com\/video\/835912106?color&amp;autopause=0&amp;loop=0&amp;muted=0&amp;title=1&amp;portrait=1&amp;byline=1&amp;h=af8a49dd0a#t=\"><\/iframe>\t\t<\/div>\n\t\t\t\t\t\t<\/div>\n\t\t\t\t<\/div>\n\t\t\t\t<div class=\"elementor-element elementor-element-77698d1 elementor-widget elementor-widget-heading\" data-id=\"77698d1\" data-element_type=\"widget\" data-e-type=\"widget\" data-widget_type=\"heading.default\">\n\t\t\t\t<div class=\"elementor-widget-container\">\n\t\t\t\t\t<h4 class=\"elementor-heading-title elementor-size-default\">Regardez cette vid\u00e9o pour d\u00e9couvrir le t\u00e9moignage de Mark sur son mentorat.<\/h4>\t\t\t\t<\/div>\n\t\t\t\t<\/div>\n\t\t\t\t\t<\/div>\n\t\t<\/div>\n\t\t\t\t\t<\/div>\n\t\t<\/section>\n\t\t\t\t<section class=\"elementor-section elementor-top-section elementor-element elementor-element-ba70c27 elementor-section-boxed elementor-section-height-default elementor-section-height-default\" data-id=\"ba70c27\" data-element_type=\"section\" data-e-type=\"section\">\n\t\t\t\t\t\t<div class=\"elementor-container elementor-column-gap-default\">\n\t\t\t\t\t<div class=\"elementor-column elementor-col-50 elementor-top-column elementor-element elementor-element-119543f\" data-id=\"119543f\" data-element_type=\"column\" data-e-type=\"column\">\n\t\t\t<div class=\"elementor-widget-wrap elementor-element-populated\">\n\t\t\t\t\t\t<div class=\"elementor-element elementor-element-41b5101 elementor-widget elementor-widget-text-editor\" data-id=\"41b5101\" data-element_type=\"widget\" data-e-type=\"widget\" data-widget_type=\"text-editor.default\">\n\t\t\t\t<div class=\"elementor-widget-container\">\n\t\t\t\t\t\t\t\t\t<p>Le mentorat permet aux mentor\u00e9s d&#039;explorer leurs capacit\u00e9s, de surmonter les obstacles et de d\u00e9couvrir des talents cach\u00e9s. Il offre \u00e9galement au mentor-e l&#039;occasion d&#039;apprendre et de d\u00e9velopper de nouveaux contacts professionnels et communautaires.<\/p>\t\t\t\t\t\t\t\t<\/div>\n\t\t\t\t<\/div>\n\t\t\t\t\t<\/div>\n\t\t<\/div>\n\t\t\t\t<div class=\"elementor-column elementor-col-50 elementor-top-column elementor-element elementor-element-b5c5878\" data-id=\"b5c5878\" data-element_type=\"column\" data-e-type=\"column\">\n\t\t\t<div class=\"elementor-widget-wrap elementor-element-populated\">\n\t\t\t\t\t\t<div class=\"elementor-element elementor-element-805fd4f elementor-widget elementor-widget-heading\" data-id=\"805fd4f\" data-element_type=\"widget\" data-e-type=\"widget\" data-widget_type=\"heading.default\">\n\t\t\t\t<div class=\"elementor-widget-container\">\n\t\t\t\t\t<h5 class=\"elementor-heading-title elementor-size-default\">\u201c Les mentors peuvent aider les mentor\u00e9s \u00e0 d\u00e9velopper des comp\u00e9tences importantes, telles que la communication, les relations interpersonnelles et la r\u00e9solution de probl\u00e8mes. \u201d <\/h5>\t\t\t\t<\/div>\n\t\t\t\t<\/div>\n\t\t\t\t<div class=\"elementor-element elementor-element-3d5d63d elementor-widget elementor-widget-heading\" data-id=\"3d5d63d\" data-element_type=\"widget\" data-e-type=\"widget\" data-widget_type=\"heading.default\">\n\t\t\t\t<div class=\"elementor-widget-container\">\n\t\t\t\t\t<h5 class=\"elementor-heading-title elementor-size-default\">Chelsey Irwin, co-coordonnatrice du programme MentorHabilet\u00e9s , WASO<\/h5>\t\t\t\t<\/div>\n\t\t\t\t<\/div>\n\t\t\t\t\t<\/div>\n\t\t<\/div>\n\t\t\t\t\t<\/div>\n\t\t<\/section>\n\t\t\t\t<section class=\"elementor-section elementor-top-section elementor-element elementor-element-56ac807 elementor-section-boxed elementor-section-height-default elementor-section-height-default\" data-id=\"56ac807\" data-element_type=\"section\" data-e-type=\"section\">\n\t\t\t\t\t\t<div class=\"elementor-container elementor-column-gap-default\">\n\t\t\t\t\t<div class=\"elementor-column elementor-col-100 elementor-top-column elementor-element elementor-element-a72d3a1\" data-id=\"a72d3a1\" data-element_type=\"column\" data-e-type=\"column\">\n\t\t\t<div class=\"elementor-widget-wrap elementor-element-populated\">\n\t\t\t\t\t\t<div class=\"elementor-element elementor-element-2f4f323 elementor-widget elementor-widget-heading\" data-id=\"2f4f323\" data-element_type=\"widget\" data-e-type=\"widget\" data-widget_type=\"heading.default\">\n\t\t\t\t<div class=\"elementor-widget-container\">\n\t\t\t\t\t<h3 class=\"elementor-heading-title elementor-size-default\">Construire un r\u00e9seau d&#039;inclusion<\/h3>\t\t\t\t<\/div>\n\t\t\t\t<\/div>\n\t\t\t\t<div class=\"elementor-element elementor-element-f2231a3 elementor-widget elementor-widget-text-editor\" data-id=\"f2231a3\" data-element_type=\"widget\" data-e-type=\"widget\" data-widget_type=\"text-editor.default\">\n\t\t\t\t<div class=\"elementor-widget-container\">\n\t\t\t\t\t\t\t\t\t<p>MentorHabilet\u00e9s va au-del\u00e0 du mod\u00e8le traditionnel de mentorat individuel, en cr\u00e9ant un r\u00e9seau de soutien qui s&#039;\u00e9tend au-del\u00e0 de la relation de mentorat. Cette approche collaborative renforce le syst\u00e8me de soutien pour les mentor\u00e9s et les mentors, et \u00e9largit les r\u00e9seaux professionnels.<\/p><p>\u201cMentorHabilet\u00e9s r\u00e9unit des mentors et des animateurs qui disposent souvent d&#039;un r\u00e9seau de contacts. \u00bb,<span style=\"color: var( --e-global-color-text ); font-family: var( --e-global-typography-text-font-family ), Sans-serif; font-size: var( --e-global-typography-text-font-size ); font-weight: var( --e-global-typography-text-font-weight );\">\u201d\u00a0<\/span><span style=\"color: var( --e-global-color-text ); font-family: var( --e-global-typography-text-font-family ), Sans-serif; font-size: var( --e-global-typography-text-font-size ); font-weight: var( --e-global-typography-text-font-weight );\">dit\u00a0<\/span><span style=\"color: var( --e-global-color-text ); font-family: var( --e-global-typography-text-font-family ), Sans-serif; font-size: var( --e-global-typography-text-font-size ); font-weight: var( --e-global-typography-text-font-weight );\">Chelsey Irwin, co-coordonnatrice du programme MentorHabilet\u00e9s chez WASO.\u00a0<\/span><span style=\"color: var( --e-global-color-text ); font-family: var( --e-global-typography-text-font-family ), Sans-serif; font-size: var( --e-global-typography-text-font-size ); font-weight: var( --e-global-typography-text-font-weight );\">\u201c<\/span><span style=\"color: var( --e-global-color-text ); font-family: var( --e-global-typography-text-font-family ), Sans-serif; font-size: var( --e-global-typography-text-font-size ); font-weight: var( --e-global-typography-text-font-weight );\">Lorsque les mentors sont mis en relation avec d&#039;autres prestataires de services, les mentor\u00e9s peuvent b\u00e9n\u00e9ficier d&#039;un acc\u00e8s plus large \u00e0 de nouvelles opportunit\u00e9s, collaborations et partenariats auxquels ils n&#039;auraient peut-\u00eatre pas acc\u00e8s autrement.\u201d\u00a0<\/span><\/p>\t\t\t\t\t\t\t\t<\/div>\n\t\t\t\t<\/div>\n\t\t\t\t<div class=\"elementor-element elementor-element-f0f818a elementor-widget elementor-widget-text-editor\" data-id=\"f0f818a\" data-element_type=\"widget\" data-e-type=\"widget\" data-widget_type=\"text-editor.default\">\n\t\t\t\t<div class=\"elementor-widget-container\">\n\t\t\t\t\t\t\t\t\t<p>MentorHabilet\u00e9s Manitoba n&#039;est pas qu&#039;un simple programme\u00a0; c&#039;est un mouvement pour un Manitoba plus inclusif et prosp\u00e8re. Nous vous invitons \u00e0 vous joindre \u00e0 nous pour faire la diff\u00e9rence.<\/p>\t\t\t\t\t\t\t\t<\/div>\n\t\t\t\t<\/div>\n\t\t\t\t\t<\/div>\n\t\t<\/div>\n\t\t\t\t\t<\/div>\n\t\t<\/section>\n\t\t\t\t<section class=\"elementor-section elementor-top-section elementor-element elementor-element-6a4462d elementor-section-boxed elementor-section-height-default elementor-section-height-default\" data-id=\"6a4462d\" data-element_type=\"section\" data-e-type=\"section\">\n\t\t\t\t\t\t<div class=\"elementor-container elementor-column-gap-default\">\n\t\t\t\t\t<div class=\"elementor-column elementor-col-100 elementor-top-column elementor-element elementor-element-e66f101\" data-id=\"e66f101\" data-element_type=\"column\" data-e-type=\"column\">\n\t\t\t<div class=\"elementor-widget-wrap elementor-element-populated\">\n\t\t\t\t\t\t<div class=\"elementor-element elementor-element-fa6f686 elementor-widget elementor-widget-text-editor\" data-id=\"fa6f686\" data-element_type=\"widget\" data-e-type=\"widget\" data-widget_type=\"text-editor.default\">\n\t\t\t\t<div class=\"elementor-widget-container\">\n\t\t\t\t\t\t\t\t\t<p>Pour en savoir plus sur MentorHabilet\u00e9s Manitoba ou pour le contacter, veuillez communiquer avec\u00a0:\u00a0<\/p><p>Wade Slater |\u00a0 \u00a0<strong>Courriel<\/strong>: wslater@waso.ca |\u00a0 \u00a0<strong>T\u00e9l\u00e9phone<\/strong>: 204-226-2844\u00a0 \u00a0|\u00a0 \u00a0<a href=\"https:\/\/waso.ca\/\" target=\"_blank\" rel=\"noopener\">waso.ca<\/a><\/p>\t\t\t\t\t\t\t\t<\/div>\n\t\t\t\t<\/div>\n\t\t\t\t\t<\/div>\n\t\t<\/div>\n\t\t\t\t\t<\/div>\n\t\t<\/section>\n\t\t\t\t<section class=\"elementor-section elementor-top-section elementor-element elementor-element-8350dc6 elementor-section-boxed elementor-section-height-default elementor-section-height-default\" data-id=\"8350dc6\" data-element_type=\"section\" data-e-type=\"section\">\n\t\t\t\t\t\t<div class=\"elementor-container elementor-column-gap-default\">\n\t\t\t\t\t<div class=\"elementor-column elementor-col-100 elementor-top-column elementor-element elementor-element-8f5691f\" data-id=\"8f5691f\" data-element_type=\"column\" data-e-type=\"column\" data-settings=\"{&quot;background_background&quot;:&quot;classic&quot;}\">\n\t\t\t<div class=\"elementor-widget-wrap elementor-element-populated\">\n\t\t\t\t\t\t<div class=\"elementor-element elementor-element-b44d307 elementor-widget elementor-widget-text-editor\" data-id=\"b44d307\" data-element_type=\"widget\" data-e-type=\"widget\" data-widget_type=\"text-editor.default\">\n\t\t\t\t<div class=\"elementor-widget-container\">\n\t\t\t\t\t\t\t\t\t<p><a href=\"https:\/\/www.supportedemployment.ca\/fr\/initiatives\/mentorability\/employer\/\" target=\"_blank\" rel=\"noopener\"><b>Pour en savoir plus sur la fa\u00e7on de devenir mentor MentorHabilet\u00e9s ou partenaire communautaire, cliquez ici.<\/b><\/a>.<\/p><p><span style=\"font-weight: 600;\">Ensemble, nous pouvons b\u00e2tir un environnement de travail o\u00f9 chacun peut s&#039;\u00e9panouir.<\/span><br><\/p>\t\t\t\t\t\t\t\t<\/div>\n\t\t\t\t<\/div>\n\t\t\t\t\t<\/div>\n\t\t<\/div>\n\t\t\t\t\t<\/div>\n\t\t<\/section>\n\t\t\t\t<section class=\"elementor-section elementor-top-section elementor-element elementor-element-6aa16fc elementor-section-boxed elementor-section-height-default elementor-section-height-default\" data-id=\"6aa16fc\" data-element_type=\"section\" data-e-type=\"section\">\n\t\t\t\t\t\t<div class=\"elementor-container elementor-column-gap-default\">\n\t\t\t\t\t<div class=\"elementor-column elementor-col-100 elementor-top-column elementor-element elementor-element-e222e8b\" data-id=\"e222e8b\" data-element_type=\"column\" data-e-type=\"column\">\n\t\t\t<div class=\"elementor-widget-wrap\">\n\t\t\t\t\t\t\t<\/div>\n\t\t<\/div>\n\t\t\t\t\t<\/div>\n\t\t<\/section>\n\t\t\t\t<\/div>","protected":false},"excerpt":{"rendered":"<p>MentorAbility Canada Hub Highlight Series Every month, MentorAbility Canada proudly presents one of our implementing partners. They are the MentorAbility coordinators\u2014the backstage workers who quietly go about their tasks to [&hellip;]<\/p>\n","protected":false},"author":269,"featured_media":0,"comment_status":"closed","ping_status":"closed","sticky":false,"template":"","format":"standard","meta":{"_acf_changed":false,"footnotes":""},"categories":[356],"tags":[338,327,75,66,352],"class_list":["post-58157","post","type-post","status-publish","format-standard","hentry","category-mentorability","tag-employment","tag-inclusive","tag-manitoba","tag-mentorability","tag-mentoring"],"acf":[],"_links":{"self":[{"href":"https:\/\/www.supportedemployment.ca\/fr\/wp-json\/wp\/v2\/posts\/58157","targetHints":{"allow":["GET"]}}],"collection":[{"href":"https:\/\/www.supportedemployment.ca\/fr\/wp-json\/wp\/v2\/posts"}],"about":[{"href":"https:\/\/www.supportedemployment.ca\/fr\/wp-json\/wp\/v2\/types\/post"}],"author":[{"embeddable":true,"href":"https:\/\/www.supportedemployment.ca\/fr\/wp-json\/wp\/v2\/users\/269"}],"replies":[{"embeddable":true,"href":"https:\/\/www.supportedemployment.ca\/fr\/wp-json\/wp\/v2\/comments?post=58157"}],"version-history":[{"count":0,"href":"https:\/\/www.supportedemployment.ca\/fr\/wp-json\/wp\/v2\/posts\/58157\/revisions"}],"wp:attachment":[{"href":"https:\/\/www.supportedemployment.ca\/fr\/wp-json\/wp\/v2\/media?parent=58157"}],"wp:term":[{"taxonomy":"category","embeddable":true,"href":"https:\/\/www.supportedemployment.ca\/fr\/wp-json\/wp\/v2\/categories?post=58157"},{"taxonomy":"post_tag","embeddable":true,"href":"https:\/\/www.supportedemployment.ca\/fr\/wp-json\/wp\/v2\/tags?post=58157"}],"curies":[{"name":"wp","href":"https:\/\/api.w.org\/{rel}","templated":true}]}}