{"id":58096,"date":"2024-04-17T16:55:48","date_gmt":"2024-04-17T20:55:48","guid":{"rendered":"https:\/\/www.supportedemployment.ca\/?p=58096"},"modified":"2025-09-04T14:13:11","modified_gmt":"2025-09-04T18:13:11","slug":"case-member-spotlight-realm-services-inc","status":"publish","type":"post","link":"https:\/\/www.supportedemployment.ca\/fr\/case-member-spotlight-realm-services-inc\/","title":{"rendered":"CASE Project Spotlight REALM Services INC"},"content":{"rendered":"<div data-elementor-type=\"wp-post\" data-elementor-id=\"58096\" class=\"elementor elementor-58096\" data-elementor-post-type=\"post\">\n\t\t\t\t\t\t<section class=\"elementor-section elementor-top-section elementor-element elementor-element-4a4bd93 elementor-section-boxed elementor-section-height-default elementor-section-height-default\" data-id=\"4a4bd93\" data-element_type=\"section\" data-e-type=\"section\">\n\t\t\t\t\t\t<div class=\"elementor-container elementor-column-gap-default\">\n\t\t\t\t\t<div class=\"elementor-column elementor-col-100 elementor-top-column elementor-element elementor-element-f03b58b\" data-id=\"f03b58b\" data-element_type=\"column\" data-e-type=\"column\">\n\t\t\t<div class=\"elementor-widget-wrap elementor-element-populated\">\n\t\t\t\t\t\t<div class=\"elementor-element elementor-element-93fe63e elementor-widget elementor-widget-heading\" data-id=\"93fe63e\" data-element_type=\"widget\" data-e-type=\"widget\" data-widget_type=\"heading.default\">\n\t\t\t\t<div class=\"elementor-widget-container\">\n\t\t\t\t\t<h1 class=\"elementor-heading-title elementor-size-default\">Membre de l\u2019ACSE en vedette<\/h1>\t\t\t\t<\/div>\n\t\t\t\t<\/div>\n\t\t\t\t<div class=\"elementor-element elementor-element-1013d1c elementor-widget elementor-widget-heading\" data-id=\"1013d1c\" data-element_type=\"widget\" data-e-type=\"widget\" data-widget_type=\"heading.default\">\n\t\t\t\t<div class=\"elementor-widget-container\">\n\t\t\t\t\t<h1 class=\"elementor-heading-title elementor-size-default\">REALM : Engag\u00e9s pour une inclusion authentique<\/h1>\t\t\t\t<\/div>\n\t\t\t\t<\/div>\n\t\t\t\t<div class=\"elementor-element elementor-element-820eba6 elementor-widget elementor-widget-text-editor\" data-id=\"820eba6\" data-element_type=\"widget\" data-e-type=\"widget\" data-widget_type=\"text-editor.default\">\n\t\t\t\t<div class=\"elementor-widget-container\">\n\t\t\t\t\t\t\t\t\t<p style=\"text-align: center;\"><span style=\"text-align: center;\">Pour la version fran\u00e7aise de cet article,\u00a0<\/span><a style=\"background-color: #ffffff; text-align: center;\" href=\"https:\/\/www.supportedemployment.ca\/fr\/pleins-feux-sur-un-membre-de-lacse-realm-services\/\">veuillez cliquer ici.<\/a><span style=\"text-align: center;\">\u00a0 |\u00a0\u00a0<\/span><span style=\"color: var( --e-global-color-text ); font-family: var( --e-global-typography-text-font-family ), Sans-serif; font-size: var( --e-global-typography-text-font-size ); font-weight: var( --e-global-typography-text-font-weight ); text-align: center;\">Pour la version fran\u00e7aise de ce post,\u00a0<\/span><a style=\"background-color: #ffffff; font-family: var( --e-global-typography-text-font-family ), Sans-serif; font-size: var( --e-global-typography-text-font-size ); text-align: center;\" href=\"https:\/\/www.supportedemployment.ca\/fr\/pleins-feux-sur-un-membre-de-lacse-realm-services\/\">veuillez cliquer ici.<\/a><\/p>\t\t\t\t\t\t\t\t<\/div>\n\t\t\t\t<\/div>\n\t\t\t\t\t<\/div>\n\t\t<\/div>\n\t\t\t\t\t<\/div>\n\t\t<\/section>\n\t\t\t\t<section class=\"elementor-section elementor-top-section elementor-element elementor-element-208e4e9 elementor-section-boxed elementor-section-height-default elementor-section-height-default\" data-id=\"208e4e9\" data-element_type=\"section\" data-e-type=\"section\">\n\t\t\t\t\t\t<div class=\"elementor-container elementor-column-gap-default\">\n\t\t\t\t\t<div class=\"elementor-column elementor-col-50 elementor-top-column elementor-element elementor-element-21e40da\" data-id=\"21e40da\" data-element_type=\"column\" data-e-type=\"column\">\n\t\t\t<div class=\"elementor-widget-wrap elementor-element-populated\">\n\t\t\t\t\t\t<div class=\"elementor-element elementor-element-a94584c elementor-widget elementor-widget-text-editor\" data-id=\"a94584c\" data-element_type=\"widget\" data-e-type=\"widget\" data-widget_type=\"text-editor.default\">\n\t\t\t\t<div class=\"elementor-widget-container\">\n\t\t\t\t\t\t\t\t\t<p>REALM Services est un organisme de services de soutien fond\u00e9 \u00e0 Cranbrook, en Colombie-Britannique, en mai 2003, afin de promouvoir l&#039;autonomisation, les droits de la personne et la d\u00e9fense des droits des adultes ayant des capacit\u00e9s diverses.<\/p>\n<p><span style=\"color: var( --e-global-color-text ); font-family: var( --e-global-typography-text-font-family ), Sans-serif; font-size: var( --e-global-typography-text-font-size ); font-weight: var( --e-global-typography-text-font-weight );\">REALM accompagne les personnes en leur offrant des opportunit\u00e9s inclusives de d\u00e9veloppement personnel, d&#039;autonomisation et d&#039;ind\u00e9pendance au sein de la communaut\u00e9. Son approche, fond\u00e9e sur l&#039;accompagnement, pr\u00e9serve la dignit\u00e9, l&#039;autonomie et le droit de faire des choix.<\/span><\/p>\n<p>Un soutien est fourni\u00a0:<\/p>\n<ul>\n<li><b>Dans la communaut\u00e9<\/b> par le biais de leur programme d&#039;inclusion communautaire<\/li>\n<li><b>\u00c0 la maison<\/b> avec leur programme de soutien \u00e0 la vie autonome et d&#039;aide aux personnes en difficult\u00e9<\/li>\n<li><b>Au travail<\/b> avec leur d\u00e9veloppement\/soutien en mati\u00e8re de comp\u00e9tences professionnelles et leur coaching professionnel<\/li>\n<\/ul>\n<div>&nbsp;<span style=\"color: var( --e-global-color-text ); font-family: var( --e-global-typography-text-font-family ), Sans-serif; font-size: var( --e-global-typography-text-font-size ); font-weight: var( --e-global-typography-text-font-weight );\">&nbsp;<\/span><\/div><div>\n<div>REALM estime que les individus ont le droit de\u00a0:<\/div>\n<div>\n<ul>\n<li><span style=\"background-color: transparent; color: var( --e-global-color-text ); font-family: var( --e-global-typography-text-font-family ), Sans-serif; font-weight: var( --e-global-typography-text-font-weight ); font-size: var( --e-global-typography-text-font-size );\">S&#039;\u00e9manciper gr\u00e2ce au savoir.&nbsp;<\/span><\/li>\n<li><span style=\"background-color: transparent; color: var( --e-global-color-text ); font-family: var( --e-global-typography-text-font-family ), Sans-serif; font-weight: var( --e-global-typography-text-font-weight );\">Recherchez et participez \u00e0 de nouvelles exp\u00e9riences.&nbsp;<\/span><\/li>\n<li><span style=\"background-color: transparent; color: var( --e-global-color-text ); font-family: var( --e-global-typography-text-font-family ), Sans-serif; font-weight: var( --e-global-typography-text-font-weight );\">Recevoir des encouragements et du soutien pour s&#039;engager et contribuer \u00e0 la communaut\u00e9 qui les entoure.&nbsp;<\/span><\/li>\n<li><span style=\"background-color: transparent; color: var( --e-global-color-text ); font-family: var( --e-global-typography-text-font-family ), Sans-serif; font-weight: var( --e-global-typography-text-font-weight );\">D\u00e9couvrir et exploiter pleinement leur potentiel unique et partager leur valeur dans le monde.<\/span><\/li>\n<\/ul>\n<\/div>\n<\/div>\n<div>&nbsp;<\/div>\t\t\t\t\t\t\t\t<\/div>\n\t\t\t\t<\/div>\n\t\t\t\t\t<\/div>\n\t\t<\/div>\n\t\t\t\t<div class=\"elementor-column elementor-col-50 elementor-top-column elementor-element elementor-element-537cbc9\" data-id=\"537cbc9\" data-element_type=\"column\" data-e-type=\"column\">\n\t\t\t<div class=\"elementor-widget-wrap elementor-element-populated\">\n\t\t\t\t\t\t<div class=\"elementor-element elementor-element-e656247 elementor-widget elementor-widget-image\" data-id=\"e656247\" data-element_type=\"widget\" data-e-type=\"widget\" data-widget_type=\"image.default\">\n\t\t\t\t<div class=\"elementor-widget-container\">\n\t\t\t\t\t\t\t\t\t\t\t\t\t\t\t<img decoding=\"async\" src=\"https:\/\/www.supportedemployment.ca\/wp-content\/uploads\/elementor\/thumbs\/REALM-Services-Inc-Logo-smaller-qmv07f41zssj8nqp2wxeqhp3zybpah36oihtzcuhj8.png\" title=\"Logo de REALM Services Inc. plus petit\" alt=\"REAL Services Inc. logo: large blue and purple star on its side with one side pointing upwards and with a smaller white star with upward movement in its middle.\" loading=\"lazy\" \/>\t\t\t\t\t\t\t\t\t\t\t\t\t\t\t<\/div>\n\t\t\t\t<\/div>\n\t\t\t\t<div class=\"elementor-element elementor-element-d11ab7f elementor-widget elementor-widget-heading\" data-id=\"d11ab7f\" data-element_type=\"widget\" data-e-type=\"widget\" data-widget_type=\"heading.default\">\n\t\t\t\t<div class=\"elementor-widget-container\">\n\t\t\t\t\t<h5 class=\"elementor-heading-title elementor-size-default\">VISION<br>Participation et contribution de tous les citoyens au sein de la communaut\u00e9, pour une qualit\u00e9 de vie optimale \u2013 Inclusion authentique.<\/h5>\t\t\t\t<\/div>\n\t\t\t\t<\/div>\n\t\t\t\t\t<\/div>\n\t\t<\/div>\n\t\t\t\t\t<\/div>\n\t\t<\/section>\n\t\t\t\t<section class=\"elementor-section elementor-top-section elementor-element elementor-element-6a989b5 elementor-section-boxed elementor-section-height-default elementor-section-height-default\" data-id=\"6a989b5\" data-element_type=\"section\" data-e-type=\"section\">\n\t\t\t\t\t\t<div class=\"elementor-container elementor-column-gap-default\">\n\t\t\t\t\t<div class=\"elementor-column elementor-col-100 elementor-top-column elementor-element elementor-element-66b7c09\" data-id=\"66b7c09\" data-element_type=\"column\" data-e-type=\"column\">\n\t\t\t<div class=\"elementor-widget-wrap elementor-element-populated\">\n\t\t\t\t\t\t<div class=\"elementor-element elementor-element-bf4b1d6 elementor-widget elementor-widget-heading\" data-id=\"bf4b1d6\" data-element_type=\"widget\" data-e-type=\"widget\" data-widget_type=\"heading.default\">\n\t\t\t\t<div class=\"elementor-widget-container\">\n\t\t\t\t\t<h3 class=\"elementor-heading-title elementor-size-default\">Prix \u200b\u200bICE pour l&#039;emploi communautaire inclusif<\/h3>\t\t\t\t<\/div>\n\t\t\t\t<\/div>\n\t\t\t\t<div class=\"elementor-element elementor-element-f09a070 elementor-widget elementor-widget-text-editor\" data-id=\"f09a070\" data-element_type=\"widget\" data-e-type=\"widget\" data-widget_type=\"text-editor.default\">\n\t\t\t\t<div class=\"elementor-widget-container\">\n\t\t\t\t\t\t\t\t\t<p>L&#039;agence travaille actuellement \u00e0 la 6e \u00e9dition de ses Prix ICE pour l&#039;emploi inclusif au sein des communaut\u00e9s. Ce prix vise \u00e0 mettre en lumi\u00e8re et \u00e0 d\u00e9montrer la valeur de l&#039;inclusion, de l&#039;ouverture d&#039;esprit et des progr\u00e8s r\u00e9alis\u00e9s dans les communaut\u00e9s locales. Il f\u00e9d\u00e8re les acteurs de l&#039;emploi inclusif et contribue \u00e0 \u00e9tendre son influence.\u00a0<\/p><p><span style=\"color: var( --e-global-color-text ); font-family: var( --e-global-typography-text-font-family ), Sans-serif; font-size: var( --e-global-typography-text-font-size ); font-weight: var( --e-global-typography-text-font-weight );\">Des prix sont offerts pour\u00a0<\/span><span style=\"background-color: transparent; color: var( --e-global-color-text ); font-family: var( --e-global-typography-text-font-family ), Sans-serif; font-weight: var( --e-global-typography-text-font-weight );\">Mentor communautaire,\u00a0<\/span><span style=\"background-color: transparent; color: var( --e-global-color-text ); font-family: var( --e-global-typography-text-font-family ), Sans-serif; font-weight: var( --e-global-typography-text-font-weight );\">Cr\u00e9ateurs de carri\u00e8re innovants,\u00a0<\/span><span style=\"background-color: transparent; color: var( --e-global-color-text ); font-family: var( --e-global-typography-text-font-family ), Sans-serif; font-weight: var( --e-global-typography-text-font-weight );\">Accessibilit\u00e9,\u00a0<\/span><span style=\"background-color: transparent; color: var( --e-global-color-text ); font-family: var( --e-global-typography-text-font-family ), Sans-serif; font-weight: var( --e-global-typography-text-font-weight );\">Leader authentique et\u00a0<\/span><span style=\"background-color: transparent; color: var( --e-global-color-text ); font-family: var( --e-global-typography-text-font-family ), Sans-serif; font-weight: var( --e-global-typography-text-font-weight );\">Visionnaire audacieux.<\/span><\/p>\t\t\t\t\t\t\t\t<\/div>\n\t\t\t\t<\/div>\n\t\t\t\t<div class=\"elementor-element elementor-element-ec65e54 elementor-widget elementor-widget-heading\" data-id=\"ec65e54\" data-element_type=\"widget\" data-e-type=\"widget\" data-widget_type=\"heading.default\">\n\t\t\t\t<div class=\"elementor-widget-container\">\n\t\t\t\t\t<h3 class=\"elementor-heading-title elementor-size-default\">Des projets concrets pour une vie r\u00e9elle<\/h3>\t\t\t\t<\/div>\n\t\t\t\t<\/div>\n\t\t\t\t\t<\/div>\n\t\t<\/div>\n\t\t\t\t\t<\/div>\n\t\t<\/section>\n\t\t\t\t<section class=\"elementor-section elementor-top-section elementor-element elementor-element-98a02eb elementor-section-boxed elementor-section-height-default elementor-section-height-default\" data-id=\"98a02eb\" data-element_type=\"section\" data-e-type=\"section\">\n\t\t\t\t\t\t<div class=\"elementor-container elementor-column-gap-default\">\n\t\t\t\t\t<div class=\"elementor-column elementor-col-50 elementor-top-column elementor-element elementor-element-6573cab\" data-id=\"6573cab\" data-element_type=\"column\" data-e-type=\"column\">\n\t\t\t<div class=\"elementor-widget-wrap elementor-element-populated\">\n\t\t\t\t\t\t<div class=\"elementor-element elementor-element-73dd215 elementor-widget elementor-widget-heading\" data-id=\"73dd215\" data-element_type=\"widget\" data-e-type=\"widget\" data-widget_type=\"heading.default\">\n\t\t\t\t<div class=\"elementor-widget-container\">\n\t\t\t\t\t<h4 class=\"elementor-heading-title elementor-size-default\">Des projets concrets sont \u00e9labor\u00e9s, offrant des opportunit\u00e9s et des exp\u00e9riences concr\u00e8tes et autonomes. <\/h4>\t\t\t\t<\/div>\n\t\t\t\t<\/div>\n\t\t\t\t\t<\/div>\n\t\t<\/div>\n\t\t\t\t<div class=\"elementor-column elementor-col-50 elementor-top-column elementor-element elementor-element-9422730\" data-id=\"9422730\" data-element_type=\"column\" data-e-type=\"column\">\n\t\t\t<div class=\"elementor-widget-wrap elementor-element-populated\">\n\t\t\t\t\t\t<div class=\"elementor-element elementor-element-83b5618 elementor-widget elementor-widget-text-editor\" data-id=\"83b5618\" data-element_type=\"widget\" data-e-type=\"widget\" data-widget_type=\"text-editor.default\">\n\t\t\t\t<div class=\"elementor-widget-container\">\n\t\t\t\t\t\t\t\t\t<p>Comme pour toutes les activit\u00e9s de REALM, leur approche est r\u00e9solument centr\u00e9e sur la personne. Ils s&#039;enqui\u00e8rent des int\u00e9r\u00eats de personne et collaborent avec eux pour \u00e9laborer un plan adapt\u00e9.<\/p><p>Les strat\u00e9gies de service sont personnalis\u00e9es afin d&#039;\u00e9laborer des plans concrets offrant des opportunit\u00e9s et des exp\u00e9riences authentiques et autonomes. Les droits des personnes sont respect\u00e9s, avec la garantie que le soutien re\u00e7u favorise leur participation active \u00e0 la r\u00e9alisation de leurs objectifs et leur \u00e9panouissement personnel.<\/p>\t\t\t\t\t\t\t\t<\/div>\n\t\t\t\t<\/div>\n\t\t\t\t\t<\/div>\n\t\t<\/div>\n\t\t\t\t\t<\/div>\n\t\t<\/section>\n\t\t\t\t<section class=\"elementor-section elementor-top-section elementor-element elementor-element-51758a4 elementor-section-boxed elementor-section-height-default elementor-section-height-default\" data-id=\"51758a4\" data-element_type=\"section\" data-e-type=\"section\">\n\t\t\t\t\t\t<div class=\"elementor-container elementor-column-gap-default\">\n\t\t\t\t\t<div class=\"elementor-column elementor-col-100 elementor-top-column elementor-element elementor-element-341f55b\" data-id=\"341f55b\" data-element_type=\"column\" data-e-type=\"column\">\n\t\t\t<div class=\"elementor-widget-wrap elementor-element-populated\">\n\t\t\t\t\t\t<div class=\"elementor-element elementor-element-b576960 elementor-widget elementor-widget-heading\" data-id=\"b576960\" data-element_type=\"widget\" data-e-type=\"widget\" data-widget_type=\"heading.default\">\n\t\t\t\t<div class=\"elementor-widget-container\">\n\t\t\t\t\t<h3 class=\"elementor-heading-title elementor-size-default\">Faites passer le message sur l&#039;inclusion<\/h3>\t\t\t\t<\/div>\n\t\t\t\t<\/div>\n\t\t\t\t<div class=\"elementor-element elementor-element-4903089 elementor-widget elementor-widget-text-editor\" data-id=\"4903089\" data-element_type=\"widget\" data-e-type=\"widget\" data-widget_type=\"text-editor.default\">\n\t\t\t\t<div class=\"elementor-widget-container\">\n\t\t\t\t\t\t\t\t\t<p>L&#039;\u00e9quipe de REALM souhaite continuer \u00e0 d\u00e9montrer aux organisations les immenses avantages d&#039;\u00eatre un employeur inclusif. Elle a constat\u00e9 une forte croissance dans ce domaine, avec une augmentation de plus de 501\u00a0000 collaborations et de la participation au cours des deux derni\u00e8res ann\u00e9es.&nbsp;<\/p>\t\t\t\t\t\t\t\t<\/div>\n\t\t\t\t<\/div>\n\t\t\t\t<div class=\"elementor-element elementor-element-ca4e105 elementor-widget elementor-widget-heading\" data-id=\"ca4e105\" data-element_type=\"widget\" data-e-type=\"widget\" data-widget_type=\"heading.default\">\n\t\t\t\t<div class=\"elementor-widget-container\">\n\t\t\t\t\t<h5 class=\"elementor-heading-title elementor-size-default\"><a href=\"https:\/\/realmbc.ca\/\" target=\"_blank\" rel=\"noopener\">Pour en savoir plus sur REALM Services Inc., cliquez ici pour visiter leur site web.<\/a><\/h5>\t\t\t\t<\/div>\n\t\t\t\t<\/div>\n\t\t\t\t\t<\/div>\n\t\t<\/div>\n\t\t\t\t\t<\/div>\n\t\t<\/section>\n\t\t\t\t<section class=\"elementor-section elementor-top-section elementor-element elementor-element-13782ad elementor-section-boxed elementor-section-height-default elementor-section-height-default\" data-id=\"13782ad\" data-element_type=\"section\" data-e-type=\"section\">\n\t\t\t\t\t\t<div class=\"elementor-container elementor-column-gap-default\">\n\t\t\t\t\t<div class=\"elementor-column elementor-col-50 elementor-top-column elementor-element elementor-element-95b0c78\" data-id=\"95b0c78\" data-element_type=\"column\" data-e-type=\"column\" data-settings=\"{&quot;background_background&quot;:&quot;classic&quot;}\">\n\t\t\t<div class=\"elementor-widget-wrap elementor-element-populated\">\n\t\t\t\t\t\t<div class=\"elementor-element elementor-element-d396b7c elementor-widget elementor-widget-heading\" data-id=\"d396b7c\" data-element_type=\"widget\" data-e-type=\"widget\" data-widget_type=\"heading.default\">\n\t\t\t\t<div class=\"elementor-widget-container\">\n\t\t\t\t\t<h4 class=\"elementor-heading-title elementor-size-default\">Pour que le travail exceptionnel de votre organisation soit pr\u00e9sent\u00e9 au niveau national sur le blog de CASE et dans notre bulletin d'information, contactez :<\/h4>\t\t\t\t<\/div>\n\t\t\t\t<\/div>\n\t\t\t\t\t<\/div>\n\t\t<\/div>\n\t\t\t\t<div class=\"elementor-column elementor-col-50 elementor-top-column elementor-element elementor-element-8de03b1\" data-id=\"8de03b1\" data-element_type=\"column\" data-e-type=\"column\" data-settings=\"{&quot;background_background&quot;:&quot;classic&quot;}\">\n\t\t\t<div class=\"elementor-widget-wrap elementor-element-populated\">\n\t\t\t\t\t\t<div class=\"elementor-element elementor-element-56fbae9 elementor-widget elementor-widget-heading\" data-id=\"56fbae9\" data-element_type=\"widget\" data-e-type=\"widget\" data-widget_type=\"heading.default\">\n\t\t\t\t<div class=\"elementor-widget-container\">\n\t\t\t\t\t<h4 class=\"elementor-heading-title elementor-size-default\">contact@supportedemployment.ca<\/h4>\t\t\t\t<\/div>\n\t\t\t\t<\/div>\n\t\t\t\t\t<\/div>\n\t\t<\/div>\n\t\t\t\t\t<\/div>\n\t\t<\/section>\n\t\t\t\t<\/div>","protected":false},"excerpt":{"rendered":"<p>CASE Member Spotlight REALM: Committed to Authentic Inclusion Pour la version fran\u00e7aise de cet article,\u00a0veuillez cliquer ici.\u00a0 |\u00a0\u00a0For the French version of this post,\u00a0please click here. REALM Services is a [&hellip;]<\/p>\n","protected":false},"author":269,"featured_media":0,"comment_status":"closed","ping_status":"closed","sticky":false,"template":"","format":"standard","meta":{"_acf_changed":false,"footnotes":""},"categories":[331],"tags":[68,381,50,338,327,44],"class_list":["post-58096","post","type-post","status-publish","format-standard","hentry","category-practices-resources","tag-british-columbia","tag-canadian-association-for-supported-employment","tag-disability","tag-employment","tag-inclusive","tag-supported-employment"],"acf":[],"_links":{"self":[{"href":"https:\/\/www.supportedemployment.ca\/fr\/wp-json\/wp\/v2\/posts\/58096","targetHints":{"allow":["GET"]}}],"collection":[{"href":"https:\/\/www.supportedemployment.ca\/fr\/wp-json\/wp\/v2\/posts"}],"about":[{"href":"https:\/\/www.supportedemployment.ca\/fr\/wp-json\/wp\/v2\/types\/post"}],"author":[{"embeddable":true,"href":"https:\/\/www.supportedemployment.ca\/fr\/wp-json\/wp\/v2\/users\/269"}],"replies":[{"embeddable":true,"href":"https:\/\/www.supportedemployment.ca\/fr\/wp-json\/wp\/v2\/comments?post=58096"}],"version-history":[{"count":0,"href":"https:\/\/www.supportedemployment.ca\/fr\/wp-json\/wp\/v2\/posts\/58096\/revisions"}],"wp:attachment":[{"href":"https:\/\/www.supportedemployment.ca\/fr\/wp-json\/wp\/v2\/media?parent=58096"}],"wp:term":[{"taxonomy":"category","embeddable":true,"href":"https:\/\/www.supportedemployment.ca\/fr\/wp-json\/wp\/v2\/categories?post=58096"},{"taxonomy":"post_tag","embeddable":true,"href":"https:\/\/www.supportedemployment.ca\/fr\/wp-json\/wp\/v2\/tags?post=58096"}],"curies":[{"name":"wp","href":"https:\/\/api.w.org\/{rel}","templated":true}]}}