{"id":57217,"date":"2024-01-17T18:01:12","date_gmt":"2024-01-17T18:01:12","guid":{"rendered":"https:\/\/supportedemployment.ca\/?p=57217"},"modified":"2024-01-17T18:45:24","modified_gmt":"2024-01-17T18:45:24","slug":"the-key-to-job-impact-skill-development","status":"publish","type":"post","link":"https:\/\/www.supportedemployment.ca\/fr\/the-key-to-job-impact-skill-development\/","title":{"rendered":"La cl\u00e9 de l&#039;impact sur l&#039;emploi : le d\u00e9veloppement des comp\u00e9tences"},"content":{"rendered":"<div data-elementor-type=\"wp-post\" data-elementor-id=\"57217\" class=\"elementor elementor-57217\" data-elementor-post-type=\"post\">\n\t\t\t\t\t\t<section class=\"elementor-section elementor-top-section elementor-element elementor-element-6030996 elementor-section-boxed elementor-section-height-default elementor-section-height-default\" data-id=\"6030996\" data-element_type=\"section\" data-e-type=\"section\">\n\t\t\t\t\t\t<div class=\"elementor-container elementor-column-gap-default\">\n\t\t\t\t\t<div class=\"elementor-column elementor-col-100 elementor-top-column elementor-element elementor-element-424512c\" data-id=\"424512c\" data-element_type=\"column\" data-e-type=\"column\">\n\t\t\t<div class=\"elementor-widget-wrap elementor-element-populated\">\n\t\t\t\t\t\t<div class=\"elementor-element elementor-element-ce10726 elementor-widget elementor-widget-heading\" data-id=\"ce10726\" data-element_type=\"widget\" data-e-type=\"widget\" data-widget_type=\"heading.default\">\n\t\t\t\t<div class=\"elementor-widget-container\">\n\t\t\t\t\t<h2 class=\"elementor-heading-title elementor-size-default\">La cl\u00e9 de l&#039;impact sur l&#039;emploi : le d\u00e9veloppement des comp\u00e9tences <\/h2>\t\t\t\t<\/div>\n\t\t\t\t<\/div>\n\t\t\t\t\t<\/div>\n\t\t<\/div>\n\t\t\t\t\t<\/div>\n\t\t<\/section>\n\t\t\t\t<section class=\"elementor-section elementor-top-section elementor-element elementor-element-c3816f4 elementor-section-boxed elementor-section-height-default elementor-section-height-default\" data-id=\"c3816f4\" data-element_type=\"section\" data-e-type=\"section\">\n\t\t\t\t\t\t<div class=\"elementor-container elementor-column-gap-default\">\n\t\t\t\t\t<div class=\"elementor-column elementor-col-100 elementor-top-column elementor-element elementor-element-b3ab3d2\" data-id=\"b3ab3d2\" data-element_type=\"column\" data-e-type=\"column\">\n\t\t\t<div class=\"elementor-widget-wrap elementor-element-populated\">\n\t\t\t\t\t\t<div class=\"elementor-element elementor-element-93a5379 elementor-widget elementor-widget-text-editor\" data-id=\"93a5379\" data-element_type=\"widget\" data-e-type=\"widget\" data-widget_type=\"text-editor.default\">\n\t\t\t\t<div class=\"elementor-widget-container\">\n\t\t\t\t\t\t\t\t\t<p>Les professionnels de l&#039;emploi incarnent une mentalit\u00e9 de croissance. Accompagnant les demandeurs d&#039;emploi dans leur \u00e9volution de carri\u00e8re, ils comprennent mieux que quiconque l&#039;importance du d\u00e9veloppement continu des comp\u00e9tences. Ils reconnaissent la n\u00e9cessit\u00e9 de prendre en compte des perspectives diverses et d&#039;adopter des outils et des strat\u00e9gies fond\u00e9s sur la recherche pour perfectionner leur expertise professionnelle.<\/p><h5 style=\"font-family: Roboto, sans-serif; font-weight: 600; line-height: 1.3em; color: #010101; font-size: 16px; outline-style: initial; outline-width: 0px; -webkit-text-stroke-color: #000000; stroke: #000000;\" data-elementor-setting-key=\"title\" data-pen-placeholder=\"Type Here...\">Bien que les professionnels de l&#039;emploi soient fortement attach\u00e9s \u00e0 la formation continue, d\u00e9gager du temps pour leur d\u00e9veloppement professionnel reste un d\u00e9fi.<\/h5><div><p>R\u00e9cemment, les besoins en mati\u00e8re de formation professionnelle et les modalit\u00e9s de cette formation ont consid\u00e9rablement \u00e9volu\u00e9. Alors que traditionnellement les organisations ne reconnaissaient que les dipl\u00f4mes universitaires, on observe une tendance \u00e0 \u00e9valuer la capacit\u00e9 d&#039;une personne \u00e0 exercer le m\u00e9tier et \u00e0 l&#039;exercer efficacement.\u00a0<\/p><p>Dans cette optique, le d\u00e9veloppement de comp\u00e9tences sp\u00e9cifiques \u00e0 un emploi devient un outil essentiel pour maintenir l&#039;employabilit\u00e9 et accro\u00eetre l&#039;impact professionnel. Il ouvre \u00e9galement la voie \u00e0 une nouvelle culture d&#039;apprentissage o\u00f9 les main-d&#039;\u0153uvre peuvent tirer parti des formations en ligne pour obtenir des certifications pertinentes tout en gagnant un temps pr\u00e9cieux.\u00a0<\/p><\/div>\t\t\t\t\t\t\t\t<\/div>\n\t\t\t\t<\/div>\n\t\t\t\t\t<\/div>\n\t\t<\/div>\n\t\t\t\t\t<\/div>\n\t\t<\/section>\n\t\t\t\t<section class=\"elementor-section elementor-top-section elementor-element elementor-element-00f79aa elementor-section-boxed elementor-section-height-default elementor-section-height-default\" data-id=\"00f79aa\" data-element_type=\"section\" data-e-type=\"section\">\n\t\t\t\t\t\t<div class=\"elementor-container elementor-column-gap-default\">\n\t\t\t\t\t<div class=\"elementor-column elementor-col-100 elementor-top-column elementor-element elementor-element-c52b222\" data-id=\"c52b222\" data-element_type=\"column\" data-e-type=\"column\" data-settings=\"{&quot;background_background&quot;:&quot;classic&quot;}\">\n\t\t\t<div class=\"elementor-widget-wrap elementor-element-populated\">\n\t\t\t\t\t\t<div class=\"elementor-element elementor-element-52c09f0 elementor-widget elementor-widget-heading\" data-id=\"52c09f0\" data-element_type=\"widget\" data-e-type=\"widget\" data-widget_type=\"heading.default\">\n\t\t\t\t<div class=\"elementor-widget-container\">\n\t\t\t\t\t<h3 class=\"elementor-heading-title elementor-size-default\">Perfectionnement et requalification<\/h3>\t\t\t\t<\/div>\n\t\t\t\t<\/div>\n\t\t\t\t\t<\/div>\n\t\t<\/div>\n\t\t\t\t\t<\/div>\n\t\t<\/section>\n\t\t\t\t<section class=\"elementor-section elementor-top-section elementor-element elementor-element-6bd8ade elementor-section-boxed elementor-section-height-default elementor-section-height-default\" data-id=\"6bd8ade\" data-element_type=\"section\" data-e-type=\"section\">\n\t\t\t\t\t\t<div class=\"elementor-container elementor-column-gap-default\">\n\t\t\t\t\t<div class=\"elementor-column elementor-col-100 elementor-top-column elementor-element elementor-element-74bfd66\" data-id=\"74bfd66\" data-element_type=\"column\" data-e-type=\"column\" data-settings=\"{&quot;background_background&quot;:&quot;classic&quot;}\">\n\t\t\t<div class=\"elementor-widget-wrap elementor-element-populated\">\n\t\t\t\t\t\t<div class=\"elementor-element elementor-element-0488146 elementor-widget elementor-widget-text-editor\" data-id=\"0488146\" data-element_type=\"widget\" data-e-type=\"widget\" data-widget_type=\"text-editor.default\">\n\t\t\t\t<div class=\"elementor-widget-container\">\n\t\t\t\t\t\t\t\t\t<p style=\"text-align: center;\"><b>Une approche du d\u00e9veloppement des comp\u00e9tences ax\u00e9e sur un emploi prend g\u00e9n\u00e9ralement deux formes\u00a0: le perfectionnement et la requalification.<\/b><\/p>\t\t\t\t\t\t\t\t<\/div>\n\t\t\t\t<\/div>\n\t\t\t\t\t<\/div>\n\t\t<\/div>\n\t\t\t\t\t<\/div>\n\t\t<\/section>\n\t\t\t\t<section class=\"elementor-section elementor-top-section elementor-element elementor-element-30e4740 elementor-section-boxed elementor-section-height-default elementor-section-height-default\" data-id=\"30e4740\" data-element_type=\"section\" data-e-type=\"section\">\n\t\t\t\t\t\t<div class=\"elementor-container elementor-column-gap-default\">\n\t\t\t\t\t<div class=\"elementor-column elementor-col-50 elementor-top-column elementor-element elementor-element-19f77d1\" data-id=\"19f77d1\" data-element_type=\"column\" data-e-type=\"column\" data-settings=\"{&quot;background_background&quot;:&quot;classic&quot;}\">\n\t\t\t<div class=\"elementor-widget-wrap elementor-element-populated\">\n\t\t\t\t\t\t<div class=\"elementor-element elementor-element-90162d6 elementor-widget elementor-widget-heading\" data-id=\"90162d6\" data-element_type=\"widget\" data-e-type=\"widget\" data-widget_type=\"heading.default\">\n\t\t\t\t<div class=\"elementor-widget-container\">\n\t\t\t\t\t<h5 class=\"elementor-heading-title elementor-size-default\">Perfectionnement des comp\u00e9tences<\/h5>\t\t\t\t<\/div>\n\t\t\t\t<\/div>\n\t\t\t\t\t<\/div>\n\t\t<\/div>\n\t\t\t\t<div class=\"elementor-column elementor-col-50 elementor-top-column elementor-element elementor-element-e7ebd3b\" data-id=\"e7ebd3b\" data-element_type=\"column\" data-e-type=\"column\" data-settings=\"{&quot;background_background&quot;:&quot;classic&quot;}\">\n\t\t\t<div class=\"elementor-widget-wrap elementor-element-populated\">\n\t\t\t\t\t\t<div class=\"elementor-element elementor-element-e15b967 elementor-widget elementor-widget-heading\" data-id=\"e15b967\" data-element_type=\"widget\" data-e-type=\"widget\" data-widget_type=\"heading.default\">\n\t\t\t\t<div class=\"elementor-widget-container\">\n\t\t\t\t\t<h5 class=\"elementor-heading-title elementor-size-default\">Requalification professionnelle<\/h5>\t\t\t\t<\/div>\n\t\t\t\t<\/div>\n\t\t\t\t\t<\/div>\n\t\t<\/div>\n\t\t\t\t\t<\/div>\n\t\t<\/section>\n\t\t\t\t<section class=\"elementor-section elementor-top-section elementor-element elementor-element-32a8f2d elementor-section-boxed elementor-section-height-default elementor-section-height-default\" data-id=\"32a8f2d\" data-element_type=\"section\" data-e-type=\"section\">\n\t\t\t\t\t\t<div class=\"elementor-container elementor-column-gap-default\">\n\t\t\t\t\t<div class=\"elementor-column elementor-col-50 elementor-top-column elementor-element elementor-element-c740645\" data-id=\"c740645\" data-element_type=\"column\" data-e-type=\"column\" data-settings=\"{&quot;background_background&quot;:&quot;classic&quot;}\">\n\t\t\t<div class=\"elementor-widget-wrap elementor-element-populated\">\n\t\t\t\t\t\t<div class=\"elementor-element elementor-element-fabdf1a elementor-widget elementor-widget-text-editor\" data-id=\"fabdf1a\" data-element_type=\"widget\" data-e-type=\"widget\" data-widget_type=\"text-editor.default\">\n\t\t\t\t<div class=\"elementor-widget-container\">\n\t\t\t\t\t\t\t\t\t<p>La mont\u00e9e en comp\u00e9tences consiste \u00e0 acqu\u00e9rir ou \u00e0 perfectionner des comp\u00e9tences, telles que les comp\u00e9tences en communication, ou \u00e0 obtenir des connaissances et des exp\u00e9riences suppl\u00e9mentaires li\u00e9es \u00e0 votre r\u00f4le actuel.<\/p>\t\t\t\t\t\t\t\t<\/div>\n\t\t\t\t<\/div>\n\t\t\t\t\t<\/div>\n\t\t<\/div>\n\t\t\t\t<div class=\"elementor-column elementor-col-50 elementor-top-column elementor-element elementor-element-5a35679\" data-id=\"5a35679\" data-element_type=\"column\" data-e-type=\"column\" data-settings=\"{&quot;background_background&quot;:&quot;classic&quot;}\">\n\t\t\t<div class=\"elementor-widget-wrap elementor-element-populated\">\n\t\t\t\t\t\t<div class=\"elementor-element elementor-element-2b3ad4f elementor-widget elementor-widget-text-editor\" data-id=\"2b3ad4f\" data-element_type=\"widget\" data-e-type=\"widget\" data-widget_type=\"text-editor.default\">\n\t\t\t\t<div class=\"elementor-widget-container\">\n\t\t\t\t\t\t\t\t\t<p>La requalification professionnelle consiste \u00e0 acqu\u00e9rir de nouvelles comp\u00e9tences permettant d&#039;\u00e9largir son champ d&#039;action professionnel ou d&#039;acc\u00e9der \u00e0 un poste diff\u00e9rent. Par exemple, l&#039;apprentissage de la gestion des donn\u00e9es. Les entreprises peuvent investir dans la requalification professionnelle pour fid\u00e9liser et d\u00e9velopper leurs talents en promouvant leurs employ\u00e9s \u00e0 de nouvelles fonctions.&nbsp;<\/p>\t\t\t\t\t\t\t\t<\/div>\n\t\t\t\t<\/div>\n\t\t\t\t\t<\/div>\n\t\t<\/div>\n\t\t\t\t\t<\/div>\n\t\t<\/section>\n\t\t\t\t<section class=\"elementor-section elementor-top-section elementor-element elementor-element-29ba378 elementor-section-boxed elementor-section-height-default elementor-section-height-default\" data-id=\"29ba378\" data-element_type=\"section\" data-e-type=\"section\">\n\t\t\t\t\t\t<div class=\"elementor-container elementor-column-gap-default\">\n\t\t\t\t\t<div class=\"elementor-column elementor-col-100 elementor-top-column elementor-element elementor-element-e665df0\" data-id=\"e665df0\" data-element_type=\"column\" data-e-type=\"column\">\n\t\t\t<div class=\"elementor-widget-wrap elementor-element-populated\">\n\t\t\t\t\t\t<div class=\"elementor-element elementor-element-0525590 elementor-widget elementor-widget-heading\" data-id=\"0525590\" data-element_type=\"widget\" data-e-type=\"widget\" data-widget_type=\"heading.default\">\n\t\t\t\t<div class=\"elementor-widget-container\">\n\t\t\t\t\t<h3 class=\"elementor-heading-title elementor-size-default\">Comment se perfectionner\/se requalifier<\/h3>\t\t\t\t<\/div>\n\t\t\t\t<\/div>\n\t\t\t\t\t<\/div>\n\t\t<\/div>\n\t\t\t\t\t<\/div>\n\t\t<\/section>\n\t\t\t\t<section class=\"elementor-section elementor-top-section elementor-element elementor-element-c05287a elementor-section-boxed elementor-section-height-default elementor-section-height-default\" data-id=\"c05287a\" data-element_type=\"section\" data-e-type=\"section\">\n\t\t\t\t\t\t<div class=\"elementor-container elementor-column-gap-default\">\n\t\t\t\t\t<div class=\"elementor-column elementor-col-100 elementor-top-column elementor-element elementor-element-ccf08b6\" data-id=\"ccf08b6\" data-element_type=\"column\" data-e-type=\"column\">\n\t\t\t<div class=\"elementor-widget-wrap elementor-element-populated\">\n\t\t\t\t\t\t<div class=\"elementor-element elementor-element-2ad40c2 elementor-widget elementor-widget-text-editor\" data-id=\"2ad40c2\" data-element_type=\"widget\" data-e-type=\"widget\" data-widget_type=\"text-editor.default\">\n\t\t\t\t<div class=\"elementor-widget-container\">\n\t\t\t\t\t\t\t\t\tQue vous choisissiez de vous perfectionner ou de vous reconvertir, chacun apprend diff\u00e9remment. Selon vos besoins ou ceux de votre organisation, la formation continue et la reconversion professionnelle peuvent prendre diff\u00e9rentes formes\u00a0:\n<ul>\n \t<li>recherche et lecture ind\u00e9pendantes,<\/li>\n \t<li>travailler avec un mentor-e et\/ou<\/li>\n \t<li>Suivre des certifications en ligne.<\/li>\n<\/ul>\n<span style=\"color: var( --e-global-color-text ); font-family: var( --e-global-typography-text-font-family ), Sans-serif; font-size: var( --e-global-typography-text-font-size ); font-weight: var( --e-global-typography-text-font-weight );\"><br>Pour d\u00e9finir votre parcours d&#039;apprentissage, tenez compte des comp\u00e9tences que vous souhaitez acqu\u00e9rir, du temps dont vous disposez et de votre style d&#039;apprentissage pr\u00e9f\u00e9r\u00e9 (par exemple, de mani\u00e8re ind\u00e9pendante ou collaborative).<br\/><\/span>\t\t\t\t\t\t\t\t<\/div>\n\t\t\t\t<\/div>\n\t\t\t\t\t<\/div>\n\t\t<\/div>\n\t\t\t\t\t<\/div>\n\t\t<\/section>\n\t\t\t\t<section class=\"elementor-section elementor-top-section elementor-element elementor-element-3072342 elementor-section-boxed elementor-section-height-default elementor-section-height-default\" data-id=\"3072342\" data-element_type=\"section\" data-e-type=\"section\">\n\t\t\t\t\t\t<div class=\"elementor-container elementor-column-gap-default\">\n\t\t\t\t\t<div class=\"elementor-column elementor-col-100 elementor-top-column elementor-element elementor-element-73af9a2\" data-id=\"73af9a2\" data-element_type=\"column\" data-e-type=\"column\">\n\t\t\t<div class=\"elementor-widget-wrap elementor-element-populated\">\n\t\t\t\t\t\t<div class=\"elementor-element elementor-element-ee94dba elementor-widget elementor-widget-heading\" data-id=\"ee94dba\" data-element_type=\"widget\" data-e-type=\"widget\" data-widget_type=\"heading.default\">\n\t\t\t\t<div class=\"elementor-widget-container\">\n\t\t\t\t\t<h3 class=\"elementor-heading-title elementor-size-default\">Micro-certifications<\/h3>\t\t\t\t<\/div>\n\t\t\t\t<\/div>\n\t\t\t\t\t<\/div>\n\t\t<\/div>\n\t\t\t\t\t<\/div>\n\t\t<\/section>\n\t\t\t\t<section class=\"elementor-section elementor-top-section elementor-element elementor-element-b720cd5 elementor-section-boxed elementor-section-height-default elementor-section-height-default\" data-id=\"b720cd5\" data-element_type=\"section\" data-e-type=\"section\">\n\t\t\t\t\t\t<div class=\"elementor-container elementor-column-gap-default\">\n\t\t\t\t\t<div class=\"elementor-column elementor-col-100 elementor-top-column elementor-element elementor-element-f19a2e2\" data-id=\"f19a2e2\" data-element_type=\"column\" data-e-type=\"column\">\n\t\t\t<div class=\"elementor-widget-wrap elementor-element-populated\">\n\t\t\t\t\t\t<div class=\"elementor-element elementor-element-f068339 elementor-widget elementor-widget-text-editor\" data-id=\"f068339\" data-element_type=\"widget\" data-e-type=\"widget\" data-widget_type=\"text-editor.default\">\n\t\t\t\t<div class=\"elementor-widget-container\">\n\t\t\t\t\t\t\t\t\t<p>Pour choisir une ressource d&#039;apprentissage, il est important de v\u00e9rifier si elle repose sur la recherche, est reconnue par des organismes r\u00e9put\u00e9s et permet de valider concr\u00e8tement vos nouvelles comp\u00e9tences. Car, s&#039;il y a bien une chose plus gratifiante que le sentiment de progresser professionnellement, c&#039;est de pouvoir le constater par soi-m\u00eame\u00a0!&nbsp;<\/p>\t\t\t\t\t\t\t\t<\/div>\n\t\t\t\t<\/div>\n\t\t\t\t\t<\/div>\n\t\t<\/div>\n\t\t\t\t\t<\/div>\n\t\t<\/section>\n\t\t\t\t<section class=\"elementor-section elementor-top-section elementor-element elementor-element-07b31ed elementor-section-boxed elementor-section-height-default elementor-section-height-default\" data-id=\"07b31ed\" data-element_type=\"section\" data-e-type=\"section\">\n\t\t\t\t\t\t<div class=\"elementor-container elementor-column-gap-default\">\n\t\t\t\t\t<div class=\"elementor-column elementor-col-50 elementor-top-column elementor-element elementor-element-71f43d7\" data-id=\"71f43d7\" data-element_type=\"column\" data-e-type=\"column\">\n\t\t\t<div class=\"elementor-widget-wrap elementor-element-populated\">\n\t\t\t\t\t\t<div class=\"elementor-element elementor-element-45a666f elementor-widget elementor-widget-heading\" data-id=\"45a666f\" data-element_type=\"widget\" data-e-type=\"widget\" data-widget_type=\"heading.default\">\n\t\t\t\t<div class=\"elementor-widget-container\">\n\t\t\t\t\t<h5 class=\"elementor-heading-title elementor-size-default\">Gr\u00e2ce \u00e0 leur reconnaissance croissante, les programmes de formation en ligne utilisant la micro-certification constituent une m\u00e9thode populaire et \u00e9prouv\u00e9e de perfectionnement\/requalification.<\/h5>\t\t\t\t<\/div>\n\t\t\t\t<\/div>\n\t\t\t\t<div class=\"elementor-element elementor-element-6b71939 elementor-widget elementor-widget-text-editor\" data-id=\"6b71939\" data-element_type=\"widget\" data-e-type=\"widget\" data-widget_type=\"text-editor.default\">\n\t\t\t\t<div class=\"elementor-widget-container\">\n\t\t\t\t\t\t\t\t\t<p>Les microcertifications sont des formations courtes qui d\u00e9livrent des certificats et des badges num\u00e9riques v\u00e9rifiables attestant des comp\u00e9tences acquises pendant la formation.<\/p>\n<p>Les microcertifications constituent une solution pertinente de d\u00e9veloppement des comp\u00e9tences pour les professionnels de l&#039;emploi qui recherchent des opportunit\u00e9s d&#039;apprentissage courtes, pratiques et valorisantes. Par exemple, si vous \u00eates un professionnel de l&#039;emploi ou si vous occupez un poste similaire, les microcertifications suivantes propos\u00e9es par ACSE peuvent vous aider, vous et votre \u00e9quipe, \u00e0 d\u00e9velopper et \u00e0 perfectionner vos comp\u00e9tences\u00a0:<\/p>\t\t\t\t\t\t\t\t<\/div>\n\t\t\t\t<\/div>\n\t\t\t\t\t<\/div>\n\t\t<\/div>\n\t\t\t\t<div class=\"elementor-column elementor-col-50 elementor-top-column elementor-element elementor-element-614bb9d\" data-id=\"614bb9d\" data-element_type=\"column\" data-e-type=\"column\">\n\t\t\t<div class=\"elementor-widget-wrap elementor-element-populated\">\n\t\t\t\t\t\t<div class=\"elementor-element elementor-element-7c7562d elementor-widget elementor-widget-image\" data-id=\"7c7562d\" data-element_type=\"widget\" data-e-type=\"widget\" data-widget_type=\"image.default\">\n\t\t\t\t<div class=\"elementor-widget-container\">\n\t\t\t\t\t\t\t\t\t\t\t\t\t\t\t<img fetchpriority=\"high\" decoding=\"async\" width=\"328\" height=\"257\" src=\"https:\/\/www.supportedemployment.ca\/wp-content\/uploads\/2024\/01\/Sol-Foc-Car-Prac-Badge.png\" class=\"attachment-large size-large wp-image-57325\" alt=\"A digital micro-credentials badge. It is circular in shape. At the top is the CASE logo, a red maple leaf alongside the word CASE. The badge reads: Learning and Development, Solution-Focused Career Practitioner Certificate.\" srcset=\"https:\/\/www.supportedemployment.ca\/wp-content\/uploads\/2024\/01\/Sol-Foc-Car-Prac-Badge.png 328w, https:\/\/www.supportedemployment.ca\/wp-content\/uploads\/2024\/01\/Sol-Foc-Car-Prac-Badge-300x235.png 300w\" sizes=\"(max-width: 328px) 100vw, 328px\" \/>\t\t\t\t\t\t\t\t\t\t\t\t\t\t\t<\/div>\n\t\t\t\t<\/div>\n\t\t\t\t\t<\/div>\n\t\t<\/div>\n\t\t\t\t\t<\/div>\n\t\t<\/section>\n\t\t\t\t<section class=\"elementor-section elementor-top-section elementor-element elementor-element-a632971 elementor-section-boxed elementor-section-height-default elementor-section-height-default\" data-id=\"a632971\" data-element_type=\"section\" data-e-type=\"section\">\n\t\t\t\t\t\t<div class=\"elementor-container elementor-column-gap-default\">\n\t\t\t\t\t<div class=\"elementor-column elementor-col-50 elementor-top-column elementor-element elementor-element-e43d071\" data-id=\"e43d071\" data-element_type=\"column\" data-e-type=\"column\">\n\t\t\t<div class=\"elementor-widget-wrap elementor-element-populated\">\n\t\t\t\t\t\t<div class=\"elementor-element elementor-element-51682e0 elementor-widget__width-initial elementor-widget elementor-widget-text-editor\" data-id=\"51682e0\" data-element_type=\"widget\" data-e-type=\"widget\" data-widget_type=\"text-editor.default\">\n\t\t\t\t<div class=\"elementor-widget-container\">\n\t\t\t\t\t\t\t\t\t<ul><li class=\"MsoNormal\"><span lang=\"EN-US\"><a href=\"https:\/\/www.supportedemployment.ca\/fr\/training-and-events\/certificate-programs\/supported-employment-essentials\/\"><span lang=\"EN-CA\" style=\"font-size: 12.0pt; line-height: 107%; font-family: 'Avenir Next LT Pro',sans-serif; mso-fareast-font-family: 'Avenir Next LT Pro'; mso-bidi-font-family: 'Avenir Next LT Pro'; mso-ansi-language: EN-CA;\">Les fondements du soutien \u00e0 l\u2019emploi<\/span><\/a><\/span><\/li><li class=\"MsoNormal\"><span lang=\"EN-US\"><a href=\"https:\/\/www.supportedemployment.ca\/fr\/training-and-events\/certificate-programs\/job-development\/\"><span lang=\"EN-CA\" style=\"font-size: 12.0pt; line-height: 107%; font-family: 'Avenir Next LT Pro',sans-serif; mso-fareast-font-family: 'Avenir Next LT Pro'; mso-bidi-font-family: 'Avenir Next LT Pro'; mso-ansi-language: EN-CA;\">Le d\u00e9veloppement de l\u2019emploi<\/span><\/a><\/span><\/li><li class=\"MsoNormal\"><span lang=\"EN-US\"><a href=\"https:\/\/www.supportedemployment.ca\/fr\/training-and-events\/certificate-programs\/solution-focused-career-practitioner\/\"><span lang=\"EN-CA\" style=\"font-size: 12.0pt; line-height: 107%; font-family: 'Avenir Next LT Pro',sans-serif; mso-fareast-font-family: 'Avenir Next LT Pro'; mso-bidi-font-family: 'Avenir Next LT Pro'; mso-ansi-language: EN-CA;\">Praticien en orientation professionnelle ax\u00e9 sur les solutions<\/span><\/a><\/span><\/li><li class=\"MsoNormal\"><span lang=\"EN-US\"><a href=\"https:\/\/www.supportedemployment.ca\/fr\/training-and-events\/certificate-programs\/digital-literacy\/\"><span lang=\"EN-CA\" style=\"font-size: 12.0pt; line-height: 107%; font-family: 'Avenir Next LT Pro',sans-serif; mso-fareast-font-family: 'Avenir Next LT Pro'; mso-bidi-font-family: 'Avenir Next LT Pro'; mso-ansi-language: EN-CA;\">Programme de formateur en litt\u00e9ratie num\u00e9rique<\/span><\/a><\/span><\/li><\/ul>\t\t\t\t\t\t\t\t<\/div>\n\t\t\t\t<\/div>\n\t\t\t\t\t<\/div>\n\t\t<\/div>\n\t\t\t\t<div class=\"elementor-column elementor-col-50 elementor-top-column elementor-element elementor-element-c485988\" data-id=\"c485988\" data-element_type=\"column\" data-e-type=\"column\">\n\t\t\t<div class=\"elementor-widget-wrap elementor-element-populated\">\n\t\t\t\t\t\t<div class=\"elementor-element elementor-element-7ff7e1b elementor-widget elementor-widget-text-editor\" data-id=\"7ff7e1b\" data-element_type=\"widget\" data-e-type=\"widget\" data-widget_type=\"text-editor.default\">\n\t\t\t\t<div class=\"elementor-widget-container\">\n\t\t\t\t\t\t\t\t\t<ul style=\"font-size: 16px; background-color: #ffffff;\"><li class=\"MsoNormal\" style=\"font-size: 16px;\"><span lang=\"EN-US\"><a href=\"https:\/\/www.supportedemployment.ca\/fr\/training-and-events\/courses\/guiding-principles-great-fit\/\"><span lang=\"EN-CA\" style=\"font-size: 12pt; line-height: 17.12px; font-family: 'Avenir Next LT Pro', sans-serif;\">Principes directeurs pour une excellente int\u00e9gration<\/span><\/a><\/span><\/li><li class=\"MsoNormal\" style=\"font-size: 16px;\"><span lang=\"EN-US\"><a href=\"https:\/\/www.supportedemployment.ca\/fr\/training-and-events\/courses\/accessible-communications\/\"><span lang=\"EN-CA\" style=\"font-size: 12pt; line-height: 17.12px; font-family: 'Avenir Next LT Pro', sans-serif;\">Communications accessibles<\/span><\/a><\/span><\/li><li class=\"MsoNormal\" style=\"font-size: 16px;\"><span lang=\"EN-US\"><a href=\"https:\/\/www.supportedemployment.ca\/fr\/training-and-events\/courses\/nature-of-innovation\/\"><span lang=\"EN-CA\" style=\"font-size: 12pt; line-height: 17.12px; font-family: 'Avenir Next LT Pro', sans-serif;\">Nature de l'innovation<\/span><\/a><\/span><\/li><li class=\"MsoNormal\" style=\"font-size: 16px;\"><span lang=\"EN-US\"><a href=\"https:\/\/learn.supportedemployment.ca\/course\/fr-developing-intersectional-employment-services\"><span lang=\"EN-CA\" style=\"font-size: 12pt; line-height: 17.12px; font-family: 'Avenir Next LT Pro', sans-serif;\">\u00ab D\u00e9velopper des services d\u2019emploi intersectionnels \u00bb<\/span><\/a><\/span><\/li><\/ul>\t\t\t\t\t\t\t\t<\/div>\n\t\t\t\t<\/div>\n\t\t\t\t\t<\/div>\n\t\t<\/div>\n\t\t\t\t\t<\/div>\n\t\t<\/section>\n\t\t\t\t<section class=\"elementor-section elementor-top-section elementor-element elementor-element-af62e34 elementor-section-boxed elementor-section-height-default elementor-section-height-default\" data-id=\"af62e34\" data-element_type=\"section\" data-e-type=\"section\">\n\t\t\t\t\t\t<div class=\"elementor-container elementor-column-gap-default\">\n\t\t\t\t\t<div class=\"elementor-column elementor-col-100 elementor-top-column elementor-element elementor-element-b97aafa\" data-id=\"b97aafa\" data-element_type=\"column\" data-e-type=\"column\">\n\t\t\t<div class=\"elementor-widget-wrap elementor-element-populated\">\n\t\t\t\t\t\t<div class=\"elementor-element elementor-element-75f6a6f elementor-widget elementor-widget-text-editor\" data-id=\"75f6a6f\" data-element_type=\"widget\" data-e-type=\"widget\" data-widget_type=\"text-editor.default\">\n\t\t\t\t<div class=\"elementor-widget-container\">\n\t\t\t\t\t\t\t\t\t<p>Le principal avantage de la formation sp\u00e9cifique \u00e0 un emploi est qu&#039;elle profite \u00e0 tous : \u00e0 vous, aux demandeurs d&#039;emploi que vous accompagnez, ainsi qu&#039;\u00e0 votre organisation et \u00e0 votre communaut\u00e9.\u00a0<\/p><p>Dans cette optique, continuez \u00e0 rechercher des opportunit\u00e9s de d\u00e9veloppement professionnel pertinentes. Plus vous exploiterez ces ressources, plus vous am\u00e9liorerez votre satisfaction au travail et votre impact, contribuant ainsi \u00e0 votre propre \u00e9panouissement et \u00e0 celui des autres.<\/p>\t\t\t\t\t\t\t\t<\/div>\n\t\t\t\t<\/div>\n\t\t\t\t\t<\/div>\n\t\t<\/div>\n\t\t\t\t\t<\/div>\n\t\t<\/section>\n\t\t\t\t<section class=\"elementor-section elementor-top-section elementor-element elementor-element-405f075 elementor-section-boxed elementor-section-height-default elementor-section-height-default\" data-id=\"405f075\" data-element_type=\"section\" data-e-type=\"section\">\n\t\t\t\t\t\t<div class=\"elementor-container elementor-column-gap-default\">\n\t\t\t\t\t<div class=\"elementor-column elementor-col-100 elementor-top-column elementor-element elementor-element-bfaa71c\" data-id=\"bfaa71c\" data-element_type=\"column\" data-e-type=\"column\">\n\t\t\t<div class=\"elementor-widget-wrap elementor-element-populated\">\n\t\t\t\t\t\t<div class=\"elementor-element elementor-element-b32d19a elementor-widget elementor-widget-image\" data-id=\"b32d19a\" data-element_type=\"widget\" data-e-type=\"widget\" data-widget_type=\"image.default\">\n\t\t\t\t<div class=\"elementor-widget-container\">\n\t\t\t\t\t\t\t\t\t\t\t\t\t\t\t<img decoding=\"async\" width=\"1920\" height=\"300\" src=\"https:\/\/www.supportedemployment.ca\/wp-content\/uploads\/2024\/01\/LD23-Micro-Credentials-Banner_January2-resized-smaller.jpg\" class=\"attachment-full size-full wp-image-57231\" alt=\"#LearnWithCASE. A micro-credentials banner with various icons within interlocking gears.\" srcset=\"https:\/\/www.supportedemployment.ca\/wp-content\/uploads\/2024\/01\/LD23-Micro-Credentials-Banner_January2-resized-smaller.jpg 1920w, https:\/\/www.supportedemployment.ca\/wp-content\/uploads\/2024\/01\/LD23-Micro-Credentials-Banner_January2-resized-smaller-300x47.jpg 300w, https:\/\/www.supportedemployment.ca\/wp-content\/uploads\/2024\/01\/LD23-Micro-Credentials-Banner_January2-resized-smaller-1024x160.jpg 1024w, https:\/\/www.supportedemployment.ca\/wp-content\/uploads\/2024\/01\/LD23-Micro-Credentials-Banner_January2-resized-smaller-768x120.jpg 768w, https:\/\/www.supportedemployment.ca\/wp-content\/uploads\/2024\/01\/LD23-Micro-Credentials-Banner_January2-resized-smaller-1536x240.jpg 1536w, https:\/\/www.supportedemployment.ca\/wp-content\/uploads\/2024\/01\/LD23-Micro-Credentials-Banner_January2-resized-smaller-600x94.jpg 600w\" sizes=\"(max-width: 1920px) 100vw, 1920px\" \/>\t\t\t\t\t\t\t\t\t\t\t\t\t\t\t<\/div>\n\t\t\t\t<\/div>\n\t\t\t\t\t<\/div>\n\t\t<\/div>\n\t\t\t\t\t<\/div>\n\t\t<\/section>\n\t\t\t\t<\/div>","protected":false},"excerpt":{"rendered":"<p>The Key to Job Impact: Skill Development Employment professionals live and breathe a growth mindset. Given that they support job seekers in career advancement, employment professionals understand the need for [&hellip;]<\/p>\n","protected":false},"author":269,"featured_media":0,"comment_status":"closed","ping_status":"closed","sticky":false,"template":"","format":"standard","meta":{"_acf_changed":false,"footnotes":""},"categories":[331,1],"tags":[360,353,358,44,359],"class_list":["post-57217","post","type-post","status-publish","format-standard","hentry","category-practices-resources","category-uncategorized","tag-micro-credential","tag-service-provider","tag-skill-development","tag-supported-employment","tag-training"],"acf":[],"_links":{"self":[{"href":"https:\/\/www.supportedemployment.ca\/fr\/wp-json\/wp\/v2\/posts\/57217","targetHints":{"allow":["GET"]}}],"collection":[{"href":"https:\/\/www.supportedemployment.ca\/fr\/wp-json\/wp\/v2\/posts"}],"about":[{"href":"https:\/\/www.supportedemployment.ca\/fr\/wp-json\/wp\/v2\/types\/post"}],"author":[{"embeddable":true,"href":"https:\/\/www.supportedemployment.ca\/fr\/wp-json\/wp\/v2\/users\/269"}],"replies":[{"embeddable":true,"href":"https:\/\/www.supportedemployment.ca\/fr\/wp-json\/wp\/v2\/comments?post=57217"}],"version-history":[{"count":0,"href":"https:\/\/www.supportedemployment.ca\/fr\/wp-json\/wp\/v2\/posts\/57217\/revisions"}],"wp:attachment":[{"href":"https:\/\/www.supportedemployment.ca\/fr\/wp-json\/wp\/v2\/media?parent=57217"}],"wp:term":[{"taxonomy":"category","embeddable":true,"href":"https:\/\/www.supportedemployment.ca\/fr\/wp-json\/wp\/v2\/categories?post=57217"},{"taxonomy":"post_tag","embeddable":true,"href":"https:\/\/www.supportedemployment.ca\/fr\/wp-json\/wp\/v2\/tags?post=57217"}],"curies":[{"name":"wp","href":"https:\/\/api.w.org\/{rel}","templated":true}]}}