{"id":56601,"date":"2023-10-11T18:38:15","date_gmt":"2023-10-11T18:38:15","guid":{"rendered":"https:\/\/supportedemployment.ca\/?p=56601"},"modified":"2023-10-26T16:19:03","modified_gmt":"2023-10-26T16:19:03","slug":"employment-access-for-deaf-and-hard-of-hearing-job-seekers-in-ns-on-ab-and-bc","status":"publish","type":"post","link":"https:\/\/www.supportedemployment.ca\/fr\/employment-access-for-deaf-and-hard-of-hearing-job-seekers-in-ns-on-ab-and-bc\/","title":{"rendered":"Acc\u00e8s \u00e0 l&#039;emploi pour les demandeurs d&#039;emploi sourds et malentendants en Nouvelle-\u00c9cosse, en Ontario, en Alberta et en Colombie-Britannique"},"content":{"rendered":"<div data-elementor-type=\"wp-post\" data-elementor-id=\"56601\" class=\"elementor elementor-56601\" data-elementor-post-type=\"post\">\n\t\t\t\t\t\t<section class=\"elementor-section elementor-top-section elementor-element elementor-element-8e1ac15 elementor-section-boxed elementor-section-height-default elementor-section-height-default\" data-id=\"8e1ac15\" data-element_type=\"section\" data-e-type=\"section\">\n\t\t\t\t\t\t<div class=\"elementor-container elementor-column-gap-default\">\n\t\t\t\t\t<div class=\"elementor-column elementor-col-100 elementor-top-column elementor-element elementor-element-c33db23\" data-id=\"c33db23\" data-element_type=\"column\" data-e-type=\"column\">\n\t\t\t<div class=\"elementor-widget-wrap elementor-element-populated\">\n\t\t\t\t\t\t<div class=\"elementor-element elementor-element-683bf9b elementor-widget elementor-widget-heading\" data-id=\"683bf9b\" data-element_type=\"widget\" data-e-type=\"widget\" data-widget_type=\"heading.default\">\n\t\t\t\t<div class=\"elementor-widget-container\">\n\t\t\t\t\t<h1 class=\"elementor-heading-title elementor-size-default\">Formation professionnelle pour les demandeurs d&#039;emploi sourds et malentendants en Nouvelle-\u00c9cosse, en Ontario, en Alberta et en Colombie-Britannique<\/h1>\t\t\t\t<\/div>\n\t\t\t\t<\/div>\n\t\t\t\t\t<\/div>\n\t\t<\/div>\n\t\t\t\t\t<\/div>\n\t\t<\/section>\n\t\t\t\t<section class=\"elementor-section elementor-top-section elementor-element elementor-element-7e56380 elementor-section-boxed elementor-section-height-default elementor-section-height-default\" data-id=\"7e56380\" data-element_type=\"section\" data-e-type=\"section\">\n\t\t\t\t\t\t<div class=\"elementor-container elementor-column-gap-default\">\n\t\t\t\t\t<div class=\"elementor-column elementor-col-50 elementor-top-column elementor-element elementor-element-a49c13c\" data-id=\"a49c13c\" data-element_type=\"column\" data-e-type=\"column\">\n\t\t\t<div class=\"elementor-widget-wrap elementor-element-populated\">\n\t\t\t\t\t\t<div class=\"elementor-element elementor-element-b346e64 elementor-widget elementor-widget-text-editor\" data-id=\"b346e64\" data-element_type=\"widget\" data-e-type=\"widget\" data-widget_type=\"text-editor.default\">\n\t\t\t\t<div class=\"elementor-widget-container\">\n\t\t\t\t\t\t\t\t\t<p><span style=\"font-weight: bold;\">Navigation accessible vers l&#039;emploi (ANTE)\u00a0<\/span>est un programme de formation national actuellement ouvert aux participants sourds et malentendants (S\/M) de la Nouvelle-\u00c9cosse, de l\u2019Ontario, de l\u2019Alberta et de la Colombie-Britannique.\u00a0<\/p><p>Une formation ax\u00e9e sur les comp\u00e9tences acad\u00e9miques et pratiques est propos\u00e9e aux membres de la communaut\u00e9 D\/HOH.\u00a0<\/p>\t\t\t\t\t\t\t\t<\/div>\n\t\t\t\t<\/div>\n\t\t\t\t\t<\/div>\n\t\t<\/div>\n\t\t\t\t<div class=\"elementor-column elementor-col-50 elementor-top-column elementor-element elementor-element-6414d8b\" data-id=\"6414d8b\" data-element_type=\"column\" data-e-type=\"column\">\n\t\t\t<div class=\"elementor-widget-wrap elementor-element-populated\">\n\t\t\t\t\t\t<div class=\"elementor-element elementor-element-c5ee894 elementor-widget__width-initial elementor-widget elementor-widget-image\" data-id=\"c5ee894\" data-element_type=\"widget\" data-e-type=\"widget\" data-widget_type=\"image.default\">\n\t\t\t\t<div class=\"elementor-widget-container\">\n\t\t\t\t\t\t\t\t\t\t\t\t\t\t\t<img decoding=\"async\" src=\"https:\/\/www.supportedemployment.ca\/wp-content\/uploads\/elementor\/thumbs\/ANTE-Logo-HighRes-600x225-1-qetxi5o2reiilbxybouq65ngzsbeq9al81upteo69c.png\" title=\"Logo ANTE haute r\u00e9solution 600\u00d7225\" alt=\"Logo: Red and green arrow pointing up in a red circle then green circle. Text: Accessible Navigation to Employment Program\" loading=\"lazy\" \/>\t\t\t\t\t\t\t\t\t\t\t\t\t\t\t<\/div>\n\t\t\t\t<\/div>\n\t\t\t\t\t<\/div>\n\t\t<\/div>\n\t\t\t\t\t<\/div>\n\t\t<\/section>\n\t\t\t\t<section class=\"elementor-section elementor-top-section elementor-element elementor-element-722cfce elementor-section-boxed elementor-section-height-default elementor-section-height-default\" data-id=\"722cfce\" data-element_type=\"section\" data-e-type=\"section\">\n\t\t\t\t\t\t<div class=\"elementor-container elementor-column-gap-default\">\n\t\t\t\t\t<div class=\"elementor-column elementor-col-50 elementor-top-column elementor-element elementor-element-b70fb99\" data-id=\"b70fb99\" data-element_type=\"column\" data-e-type=\"column\">\n\t\t\t<div class=\"elementor-widget-wrap elementor-element-populated\">\n\t\t\t\t\t\t<div class=\"elementor-element elementor-element-99c1176 elementor-widget elementor-widget-image\" data-id=\"99c1176\" data-element_type=\"widget\" data-e-type=\"widget\" data-widget_type=\"image.default\">\n\t\t\t\t<div class=\"elementor-widget-container\">\n\t\t\t\t\t\t\t\t\t\t\t\t\t\t\t<img fetchpriority=\"high\" decoding=\"async\" width=\"768\" height=\"553\" src=\"https:\/\/www.supportedemployment.ca\/wp-content\/uploads\/2023\/10\/iStock-1180549313-smaller-768x553.jpg\" class=\"attachment-medium_large size-medium_large wp-image-56603\" alt=\"Photo: Two people, one with medium-dark skin and long brown hair and one with dark skin and very short dark hair, are using sign language.\" srcset=\"https:\/\/www.supportedemployment.ca\/wp-content\/uploads\/2023\/10\/iStock-1180549313-smaller-768x553.jpg 768w, https:\/\/www.supportedemployment.ca\/wp-content\/uploads\/2023\/10\/iStock-1180549313-smaller-300x216.jpg 300w, https:\/\/www.supportedemployment.ca\/wp-content\/uploads\/2023\/10\/iStock-1180549313-smaller-1024x737.jpg 1024w, https:\/\/www.supportedemployment.ca\/wp-content\/uploads\/2023\/10\/iStock-1180549313-smaller-600x432.jpg 600w, https:\/\/www.supportedemployment.ca\/wp-content\/uploads\/2023\/10\/iStock-1180549313-smaller.jpg 1500w\" sizes=\"(max-width: 768px) 100vw, 768px\" \/>\t\t\t\t\t\t\t\t\t\t\t\t\t\t\t<\/div>\n\t\t\t\t<\/div>\n\t\t\t\t\t<\/div>\n\t\t<\/div>\n\t\t\t\t<div class=\"elementor-column elementor-col-50 elementor-top-column elementor-element elementor-element-6ca799a\" data-id=\"6ca799a\" data-element_type=\"column\" data-e-type=\"column\">\n\t\t\t<div class=\"elementor-widget-wrap elementor-element-populated\">\n\t\t\t\t\t\t<div class=\"elementor-element elementor-element-f0b8e2e elementor-widget elementor-widget-heading\" data-id=\"f0b8e2e\" data-element_type=\"widget\" data-e-type=\"widget\" data-widget_type=\"heading.default\">\n\t\t\t\t<div class=\"elementor-widget-container\">\n\t\t\t\t\t<h3 class=\"elementor-heading-title elementor-size-default\">Pour les personnes D\/HOH<\/h3>\t\t\t\t<\/div>\n\t\t\t\t<\/div>\n\t\t\t\t<div class=\"elementor-element elementor-element-e1e40e0 elementor-widget elementor-widget-text-editor\" data-id=\"e1e40e0\" data-element_type=\"widget\" data-e-type=\"widget\" data-widget_type=\"text-editor.default\">\n\t\t\t\t<div class=\"elementor-widget-container\">\n\t\t\t\t\t\t\t\t\t<p class=\"MsoNormal\"><span style=\"font-size: 12.0pt;\">Les candidats doivent \u00eatre sans emploi, sous-employ\u00e9s ou en train de terminer des \u00e9tudes postsecondaires.\u00a0<\/span><\/p>\t\t\t\t\t\t\t\t<\/div>\n\t\t\t\t<\/div>\n\t\t\t\t<div class=\"elementor-element elementor-element-784b575 elementor-widget elementor-widget-heading\" data-id=\"784b575\" data-element_type=\"widget\" data-e-type=\"widget\" data-widget_type=\"heading.default\">\n\t\t\t\t<div class=\"elementor-widget-container\">\n\t\t\t\t\t<h5 class=\"elementor-heading-title elementor-size-default\">Am\u00e9lioration gratuite des comp\u00e9tences <\/h5>\t\t\t\t<\/div>\n\t\t\t\t<\/div>\n\t\t\t\t<div class=\"elementor-element elementor-element-4a70df5 elementor-widget elementor-widget-text-editor\" data-id=\"4a70df5\" data-element_type=\"widget\" data-e-type=\"widget\" data-widget_type=\"text-editor.default\">\n\t\t\t\t<div class=\"elementor-widget-container\">\n\t\t\t\t\t\t\t\t\t<ul><li>Gr\u00e2ce \u00e0 un programme de microcertification en ligne accessible\u00a0<\/li><li>Neuf cours de 30 heures chacun\u00a0: lecture, comp\u00e9tences num\u00e9riques, adaptabilit\u00e9, communication, r\u00e9solution de probl\u00e8mes, \u00e9criture, calcul, cr\u00e9ativit\u00e9 et collaboration.<\/li><li>Les cours sont choisis par les apprenants en fonction de leurs int\u00e9r\u00eats, avec la possibilit\u00e9 de suivre les neuf cours et un stage r\u00e9mun\u00e9r\u00e9 pour obtenir un certificat de r\u00e9ussite.<\/li><\/ul>\t\t\t\t\t\t\t\t<\/div>\n\t\t\t\t<\/div>\n\t\t\t\t\t<\/div>\n\t\t<\/div>\n\t\t\t\t\t<\/div>\n\t\t<\/section>\n\t\t\t\t<section class=\"elementor-section elementor-top-section elementor-element elementor-element-e1afddc elementor-section-boxed elementor-section-height-default elementor-section-height-default\" data-id=\"e1afddc\" data-element_type=\"section\" data-e-type=\"section\">\n\t\t\t\t\t\t<div class=\"elementor-container elementor-column-gap-default\">\n\t\t\t\t\t<div class=\"elementor-column elementor-col-50 elementor-top-column elementor-element elementor-element-e6060ba\" data-id=\"e6060ba\" data-element_type=\"column\" data-e-type=\"column\">\n\t\t\t<div class=\"elementor-widget-wrap elementor-element-populated\">\n\t\t\t\t\t\t<div class=\"elementor-element elementor-element-9aadd86 elementor-widget elementor-widget-heading\" data-id=\"9aadd86\" data-element_type=\"widget\" data-e-type=\"widget\" data-widget_type=\"heading.default\">\n\t\t\t\t<div class=\"elementor-widget-container\">\n\t\t\t\t\t<h3 class=\"elementor-heading-title elementor-size-default\">Pour les employeurs<\/h3>\t\t\t\t<\/div>\n\t\t\t\t<\/div>\n\t\t\t\t<div class=\"elementor-element elementor-element-7938d11 elementor-widget__width-initial elementor-widget elementor-widget-text-editor\" data-id=\"7938d11\" data-element_type=\"widget\" data-e-type=\"widget\" data-widget_type=\"text-editor.default\">\n\t\t\t\t<div class=\"elementor-widget-container\">\n\t\t\t\t\t\t\t\t\t<p>ANTE offre aux employeurs un soutien gratuit tout au long du processus de placement.<\/p><p><span style=\"color: var( --e-global-color-text ); font-family: var( --e-global-typography-text-font-family ), Sans-serif; font-size: var( --e-global-typography-text-font-size ); font-weight: var( --e-global-typography-text-font-weight );\">Des ressources et des formations sont offertes aux employeurs sur les meilleures pratiques, les outils et les strat\u00e9gies de communication accessible pour cr\u00e9er des milieux de travail inclusifs. Ces ressources et formations facilitent l&#039;embauche et les exp\u00e9riences de travail accessibles, pr\u00e9parant ainsi les employeurs aux stages r\u00e9mun\u00e9r\u00e9s.\u00a0<\/span><\/p><p><span style=\"color: var( --e-global-color-text ); font-family: var( --e-global-typography-text-font-family ), Sans-serif; font-size: var( --e-global-typography-text-font-size ); font-weight: var( --e-global-typography-text-font-weight );\">Trois niveaux de formation gratuits \u00e0 l&#039;accessibilit\u00e9 sont propos\u00e9s. Le premier niveau est accessible \u00e0 tous les employeurs, qu&#039;ils participent ou non au programme ANTE.<\/span><\/p>\t\t\t\t\t\t\t\t<\/div>\n\t\t\t\t<\/div>\n\t\t\t\t\t<\/div>\n\t\t<\/div>\n\t\t\t\t<div class=\"elementor-column elementor-col-50 elementor-top-column elementor-element elementor-element-3581f16\" data-id=\"3581f16\" data-element_type=\"column\" data-e-type=\"column\">\n\t\t\t<div class=\"elementor-widget-wrap elementor-element-populated\">\n\t\t\t\t\t\t<div class=\"elementor-element elementor-element-c8c47a0 elementor-widget elementor-widget-image\" data-id=\"c8c47a0\" data-element_type=\"widget\" data-e-type=\"widget\" data-widget_type=\"image.default\">\n\t\t\t\t<div class=\"elementor-widget-container\">\n\t\t\t\t\t\t\t\t\t\t\t\t\t\t\t<img decoding=\"async\" src=\"https:\/\/www.supportedemployment.ca\/wp-content\/uploads\/elementor\/thumbs\/Over-1.3M-hearing-stat-qetxdukqnlddz67jcvl1l6sr6368b01zsupjbn6ggg.jpg\" title=\"Plus de 1,3 million de Canadiens souffrent de d\u00e9ficience auditive.\" alt=\"Over 1.3M Canadians over 15 years old experience a hearing disability. (Canadian Survey on Disability 2017)\" loading=\"lazy\" \/>\t\t\t\t\t\t\t\t\t\t\t\t\t\t\t<\/div>\n\t\t\t\t<\/div>\n\t\t\t\t\t<\/div>\n\t\t<\/div>\n\t\t\t\t\t<\/div>\n\t\t<\/section>\n\t\t\t\t<section class=\"elementor-section elementor-top-section elementor-element elementor-element-aed1b83 elementor-section-boxed elementor-section-height-default elementor-section-height-default\" data-id=\"aed1b83\" data-element_type=\"section\" data-e-type=\"section\">\n\t\t\t\t\t\t<div class=\"elementor-container elementor-column-gap-default\">\n\t\t\t\t\t<div class=\"elementor-column elementor-col-100 elementor-top-column elementor-element elementor-element-f20f19b\" data-id=\"f20f19b\" data-element_type=\"column\" data-e-type=\"column\">\n\t\t\t<div class=\"elementor-widget-wrap elementor-element-populated\">\n\t\t\t\t\t\t<div class=\"elementor-element elementor-element-95c859a elementor-widget elementor-widget-heading\" data-id=\"95c859a\" data-element_type=\"widget\" data-e-type=\"widget\" data-widget_type=\"heading.default\">\n\t\t\t\t<div class=\"elementor-widget-container\">\n\t\t\t\t\t<h5 class=\"elementor-heading-title elementor-size-default\">Cette initiative contribue \u00e0 lever les obstacles et \u00e0 favoriser des parcours professionnels accessibles aux personnes sourdes et malentendantes motiv\u00e9es pour apprendre, se connecter \u00e0 leurs communaut\u00e9s et y contribuer.<\/h5>\t\t\t\t<\/div>\n\t\t\t\t<\/div>\n\t\t\t\t\t<\/div>\n\t\t<\/div>\n\t\t\t\t\t<\/div>\n\t\t<\/section>\n\t\t\t\t<section class=\"elementor-section elementor-top-section elementor-element elementor-element-6334871 elementor-section-boxed elementor-section-height-default elementor-section-height-default\" data-id=\"6334871\" data-element_type=\"section\" data-e-type=\"section\" data-settings=\"{&quot;background_background&quot;:&quot;classic&quot;}\">\n\t\t\t\t\t\t<div class=\"elementor-container elementor-column-gap-default\">\n\t\t\t\t\t<div class=\"elementor-column elementor-col-100 elementor-top-column elementor-element elementor-element-b4666f1\" data-id=\"b4666f1\" data-element_type=\"column\" data-e-type=\"column\" data-settings=\"{&quot;background_background&quot;:&quot;classic&quot;}\">\n\t\t\t<div class=\"elementor-widget-wrap elementor-element-populated\">\n\t\t\t\t\t\t<div class=\"elementor-element elementor-element-23e8a4e elementor-widget elementor-widget-heading\" data-id=\"23e8a4e\" data-element_type=\"widget\" data-e-type=\"widget\" data-widget_type=\"heading.default\">\n\t\t\t\t<div class=\"elementor-widget-container\">\n\t\t\t\t\t<h5 class=\"elementor-heading-title elementor-size-default\">Pour plus d&#039;informations sur ANTE\u00a0:<\/h5>\t\t\t\t<\/div>\n\t\t\t\t<\/div>\n\t\t\t\t\t<\/div>\n\t\t<\/div>\n\t\t\t\t\t<\/div>\n\t\t<\/section>\n\t\t\t\t<section class=\"elementor-section elementor-top-section elementor-element elementor-element-cb73c17 elementor-section-boxed elementor-section-height-default elementor-section-height-default\" data-id=\"cb73c17\" data-element_type=\"section\" data-e-type=\"section\" data-settings=\"{&quot;background_background&quot;:&quot;classic&quot;}\">\n\t\t\t\t\t\t<div class=\"elementor-container elementor-column-gap-default\">\n\t\t\t\t\t<div class=\"elementor-column elementor-col-50 elementor-top-column elementor-element elementor-element-53bf557\" data-id=\"53bf557\" data-element_type=\"column\" data-e-type=\"column\" data-settings=\"{&quot;background_background&quot;:&quot;classic&quot;}\">\n\t\t\t<div class=\"elementor-widget-wrap elementor-element-populated\">\n\t\t\t\t\t\t<div class=\"elementor-element elementor-element-46791fa elementor-widget elementor-widget-text-editor\" data-id=\"46791fa\" data-element_type=\"widget\" data-e-type=\"widget\" data-widget_type=\"text-editor.default\">\n\t\t\t\t<div class=\"elementor-widget-container\">\n\t\t\t\t\t\t\t\t\t<p><a style=\"background-color: #ffe6af;\" href=\"https:\/\/www.eafproject.com\/ante-program\" target=\"_blank\" rel=\"noopener\">Visitez leur site web<\/a>.<\/p><p><b>Courriel\u202f:<\/b> ANTEprogram@chha.ca<\/p>\t\t\t\t\t\t\t\t<\/div>\n\t\t\t\t<\/div>\n\t\t\t\t\t<\/div>\n\t\t<\/div>\n\t\t\t\t<div class=\"elementor-column elementor-col-50 elementor-top-column elementor-element elementor-element-cb5196b\" data-id=\"cb5196b\" data-element_type=\"column\" data-e-type=\"column\" data-settings=\"{&quot;background_background&quot;:&quot;classic&quot;}\">\n\t\t\t<div class=\"elementor-widget-wrap elementor-element-populated\">\n\t\t\t\t\t\t<div class=\"elementor-element elementor-element-bc91d61 elementor-widget elementor-widget-text-editor\" data-id=\"bc91d61\" data-element_type=\"widget\" data-e-type=\"widget\" data-widget_type=\"text-editor.default\">\n\t\t\t\t<div class=\"elementor-widget-container\">\n\t\t\t\t\t\t\t\t\t<p>Dans <b>Nouvelle-\u00c9cosse<\/b>, vous pouvez \u00e9galement vous connecter avec\u00a0:<\/p><p style=\"padding-left: 40px;\"><strong>Shirley Hodder<\/strong>, Coordonnatrice du projet ANTE \u2013 Sensibilisation communautaire<\/p><p style=\"padding-left: 40px;\">Soci\u00e9t\u00e9 des personnes sourdes et malentendantes de la Nouvelle-\u00c9cosse<\/p><p style=\"padding-left: 40px;\"><b>Courriel\u202f:<\/b> shirley_hodder@live.ca |\u00a0 <b>T\u00e9l\u00e9phone :<\/b> 902-599-0849<\/p>\t\t\t\t\t\t\t\t<\/div>\n\t\t\t\t<\/div>\n\t\t\t\t\t<\/div>\n\t\t<\/div>\n\t\t\t\t\t<\/div>\n\t\t<\/section>\n\t\t\t\t<\/div>","protected":false},"excerpt":{"rendered":"<p>Employment Training for Deaf and Hard of Hearing Job Seekers in NS, ON, AB and BC Accessible Navigation to Employment (ANTE)\u00a0is a national training program currently open to Deaf and [&hellip;]<\/p>\n","protected":false},"author":269,"featured_media":0,"comment_status":"closed","ping_status":"closed","sticky":false,"template":"","format":"standard","meta":{"_acf_changed":false,"footnotes":""},"categories":[43],"tags":[341,72,68,348,338,349,70,59,44],"class_list":["post-56601","post","type-post","status-publish","format-standard","hentry","category-news","tag-accessible","tag-alberta","tag-british-columbia","tag-deaf","tag-employment","tag-hard-of-hearing","tag-nova-scotia","tag-ontario","tag-supported-employment"],"acf":[],"_links":{"self":[{"href":"https:\/\/www.supportedemployment.ca\/fr\/wp-json\/wp\/v2\/posts\/56601","targetHints":{"allow":["GET"]}}],"collection":[{"href":"https:\/\/www.supportedemployment.ca\/fr\/wp-json\/wp\/v2\/posts"}],"about":[{"href":"https:\/\/www.supportedemployment.ca\/fr\/wp-json\/wp\/v2\/types\/post"}],"author":[{"embeddable":true,"href":"https:\/\/www.supportedemployment.ca\/fr\/wp-json\/wp\/v2\/users\/269"}],"replies":[{"embeddable":true,"href":"https:\/\/www.supportedemployment.ca\/fr\/wp-json\/wp\/v2\/comments?post=56601"}],"version-history":[{"count":0,"href":"https:\/\/www.supportedemployment.ca\/fr\/wp-json\/wp\/v2\/posts\/56601\/revisions"}],"wp:attachment":[{"href":"https:\/\/www.supportedemployment.ca\/fr\/wp-json\/wp\/v2\/media?parent=56601"}],"wp:term":[{"taxonomy":"category","embeddable":true,"href":"https:\/\/www.supportedemployment.ca\/fr\/wp-json\/wp\/v2\/categories?post=56601"},{"taxonomy":"post_tag","embeddable":true,"href":"https:\/\/www.supportedemployment.ca\/fr\/wp-json\/wp\/v2\/tags?post=56601"}],"curies":[{"name":"wp","href":"https:\/\/api.w.org\/{rel}","templated":true}]}}